{"id":3174,"date":"2023-05-02T14:07:18","date_gmt":"2023-05-02T12:07:18","guid":{"rendered":"https:\/\/agora.xtec.cat\/iescapnorfeu\/?p=3174"},"modified":"2023-05-02T18:21:44","modified_gmt":"2023-05-02T16:21:44","slug":"mostra-de-teatre-de-blanes-grup-de-teatre-ins-cap-norfeu","status":"publish","type":"post","link":"https:\/\/agora.xtec.cat\/iescapnorfeu\/general\/mostra-de-teatre-de-blanes-grup-de-teatre-ins-cap-norfeu\/","title":{"rendered":"MOSTRA DE TEATRE DE BLANES GRUP DE TEATRE INS CAP NORFEU"},"content":{"rendered":"<p style=\"text-align: justify;\">El passat divendres 28 d&#8217;abril, els alumnes del grup de Teatre del nostre Centre i, tamb\u00e9, de l&#8217;assignatura &#8220;Creaci\u00f3n Literaria&#8221; de 1r de Batxillerat van representar l&#8217;obra <em>La molestia del jurado,<\/em> dirigida per la professora Beatriz Silva. L&#8217;obra va ser tot un \u00e8xit i va agradar molt al p\u00fablic assistent a la <em>Mostra de Teatre<\/em> de Blanes. Des de l&#8217;Institut volem felicitar els nostres actors i les nostres actrius per la seva implicaci\u00f3 i volem agrair a l&#8217;AMPA la seva ajuda i recolzament.<br \/>\nSi tot va b\u00e9, l&#8217;obra es presentar\u00e0 a la nostra comunitat educativa el dia 8 de juny al Teatre de Roses perqu\u00e8 volem compartir amb tots vosaltres el t\u00f2pic del &#8220;Theatrum Mundi&#8221;.<br \/>\nUs hi esperem!<\/p>\n<p><a href=\"https:\/\/agora.xtec.cat\/iescapnorfeu\/wp-content\/uploads\/usu2070\/2023\/05\/20230428_111420-1-scaled.jpg\"><img loading=\"lazy\" decoding=\"async\" class=\"alignleft size-large wp-image-3175\" src=\"https:\/\/agora.xtec.cat\/iescapnorfeu\/wp-content\/uploads\/usu2070\/2023\/05\/20230428_111420-1-1024x768.jpg\" alt=\"\" width=\"1024\" height=\"768\" srcset=\"https:\/\/agora.xtec.cat\/iescapnorfeu\/wp-content\/uploads\/usu2070\/2023\/05\/20230428_111420-1-1024x768.jpg 1024w, https:\/\/agora.xtec.cat\/iescapnorfeu\/wp-content\/uploads\/usu2070\/2023\/05\/20230428_111420-1-300x225.jpg 300w, https:\/\/agora.xtec.cat\/iescapnorfeu\/wp-content\/uploads\/usu2070\/2023\/05\/20230428_111420-1-768x576.jpg 768w, https:\/\/agora.xtec.cat\/iescapnorfeu\/wp-content\/uploads\/usu2070\/2023\/05\/20230428_111420-1-1536x1152.jpg 1536w, https:\/\/agora.xtec.cat\/iescapnorfeu\/wp-content\/uploads\/usu2070\/2023\/05\/20230428_111420-1-2048x1536.jpg 2048w, https:\/\/agora.xtec.cat\/iescapnorfeu\/wp-content\/uploads\/usu2070\/2023\/05\/20230428_111420-1-200x150.jpg 200w\" sizes=\"auto, (max-width: 1024px) 100vw, 1024px\" \/><\/a><\/p>\n","protected":false},"excerpt":{"rendered":"<p>El passat divendres 28 d&#8217;abril, els alumnes del grup de Teatre del nostre Centre i, tamb\u00e9, de l&#8217;assignatura &#8220;Creaci\u00f3n Literaria&#8221; de 1r de Batxillerat van representar l&#8217;obra La molestia del jurado, dirigida per la professora Beatriz Silva. L&#8217;obra va ser tot un \u00e8xit i va&hellip;  <a href=\"https:\/\/agora.xtec.cat\/iescapnorfeu\/general\/mostra-de-teatre-de-blanes-grup-de-teatre-ins-cap-norfeu\/\" title=\"Read MOSTRA DE TEATRE DE BLANES GRUP DE TEATRE INS CAP NORFEU\">Llegeix m\u00e9s\u00bb<\/a><\/p>\n","protected":false},"author":1,"featured_media":0,"comment_status":"open","ping_status":"closed","sticky":false,"template":"","format":"standard","meta":{"_bbp_topic_count":0,"_bbp_reply_count":0,"_bbp_total_topic_count":0,"_bbp_total_reply_count":0,"_bbp_voice_count":0,"_bbp_anonymous_reply_count":0,"_bbp_topic_count_hidden":0,"_bbp_reply_count_hidden":0,"_bbp_forum_subforum_count":0,"footnotes":""},"categories":[1,29],"tags":[],"class_list":["post-3174","post","type-post","status-publish","format-standard","hentry","category-general","category-portada"],"post_mailing_queue_ids":[],"_links":{"self":[{"href":"https:\/\/agora.xtec.cat\/iescapnorfeu\/wp-json\/wp\/v2\/posts\/3174","targetHints":{"allow":["GET"]}}],"collection":[{"href":"https:\/\/agora.xtec.cat\/iescapnorfeu\/wp-json\/wp\/v2\/posts"}],"about":[{"href":"https:\/\/agora.xtec.cat\/iescapnorfeu\/wp-json\/wp\/v2\/types\/post"}],"author":[{"embeddable":true,"href":"https:\/\/agora.xtec.cat\/iescapnorfeu\/wp-json\/wp\/v2\/users\/1"}],"replies":[{"embeddable":true,"href":"https:\/\/agora.xtec.cat\/iescapnorfeu\/wp-json\/wp\/v2\/comments?post=3174"}],"version-history":[{"count":3,"href":"https:\/\/agora.xtec.cat\/iescapnorfeu\/wp-json\/wp\/v2\/posts\/3174\/revisions"}],"predecessor-version":[{"id":3180,"href":"https:\/\/agora.xtec.cat\/iescapnorfeu\/wp-json\/wp\/v2\/posts\/3174\/revisions\/3180"}],"wp:attachment":[{"href":"https:\/\/agora.xtec.cat\/iescapnorfeu\/wp-json\/wp\/v2\/media?parent=3174"}],"wp:term":[{"taxonomy":"category","embeddable":true,"href":"https:\/\/agora.xtec.cat\/iescapnorfeu\/wp-json\/wp\/v2\/categories?post=3174"},{"taxonomy":"post_tag","embeddable":true,"href":"https:\/\/agora.xtec.cat\/iescapnorfeu\/wp-json\/wp\/v2\/tags?post=3174"}],"curies":[{"name":"wp","href":"https:\/\/api.w.org\/{rel}","templated":true}]}}