{"id":3171,"date":"2023-04-26T14:18:32","date_gmt":"2023-04-26T12:18:32","guid":{"rendered":"https:\/\/agora.xtec.cat\/iescapnorfeu\/?p=3171"},"modified":"2024-02-27T11:03:56","modified_gmt":"2024-02-27T10:03:56","slug":"sant-jordi-2023","status":"publish","type":"post","link":"https:\/\/agora.xtec.cat\/iescapnorfeu\/general\/sant-jordi-2023\/","title":{"rendered":"SANT JORDI 2023"},"content":{"rendered":"<p style=\"text-align: justify;\">Una any m\u00e9s, l&#8217;Institut Cap Norfeu ha commemorat la diada de Sant Jordi organitzant la XIX Marat\u00f3 Po\u00e8tica. Des de les vuit del mat\u00ed fins a tres quarts de tres del migdia, el nostre gimn\u00e0s va ser l&#8217;escenari de m\u00faltiples recitacions de poemes, incloses les dels alumnes de les escoles Vayreda i Grecs que ens van venir a visitar.<br \/>\nLa jornada va estar plena de concursos, com el Picalletres (2n ESO), els Debats (3r ESO) i el Trivial (4t ESO), que van ser tot un \u00e8xit.<br \/>\nFinalment. a \u00faltima hora es va procedir a l&#8217;entrega de premis en les diverses categories. Us ajuntem les fotografies de la jornada en aquest <a href=\"https:\/\/drive.google.com\/drive\/folders\/1noMnIEUAd8AoH_S9LyGlB0Av0e_vIrdU?usp=sharing\" target=\"_blank\" rel=\"noopener\">enlla\u00e7<\/a>.<br \/>\nGr\u00e0cies a tothom per la seva participaci\u00f3 i implicaci\u00f3, aix\u00ed com per la col\u00b7laboraci\u00f3 de tots els alumnes i el Claustre del nostre centre.<\/p>\n<p>Els premis atorgats han estat possibles gr\u00e0cies a la subvenci\u00f3 rebuda per l&#8217;Ajuntament de Roses i l&#8217;AMPA.<\/p>\n<p><a href=\"https:\/\/agora.xtec.cat\/iescapnorfeu\/wp-content\/uploads\/usu2070\/2023\/04\/20230421_102001.jpg\"><img loading=\"lazy\" decoding=\"async\" class=\"alignleft size-large wp-image-3172\" src=\"https:\/\/agora.xtec.cat\/iescapnorfeu\/wp-content\/uploads\/usu2070\/2023\/04\/20230421_102001-1024x768.jpg\" alt=\"\" width=\"1024\" height=\"768\" srcset=\"https:\/\/agora.xtec.cat\/iescapnorfeu\/wp-content\/uploads\/usu2070\/2023\/04\/20230421_102001-1024x768.jpg 1024w, https:\/\/agora.xtec.cat\/iescapnorfeu\/wp-content\/uploads\/usu2070\/2023\/04\/20230421_102001-300x225.jpg 300w, https:\/\/agora.xtec.cat\/iescapnorfeu\/wp-content\/uploads\/usu2070\/2023\/04\/20230421_102001-768x576.jpg 768w, https:\/\/agora.xtec.cat\/iescapnorfeu\/wp-content\/uploads\/usu2070\/2023\/04\/20230421_102001-200x150.jpg 200w, https:\/\/agora.xtec.cat\/iescapnorfeu\/wp-content\/uploads\/usu2070\/2023\/04\/20230421_102001.jpg 1128w\" sizes=\"auto, (max-width: 1024px) 100vw, 1024px\" \/><\/a><\/p>\n","protected":false},"excerpt":{"rendered":"<p>Una any m\u00e9s, l&#8217;Institut Cap Norfeu ha commemorat la diada de Sant Jordi organitzant la XIX Marat\u00f3 Po\u00e8tica. Des de les vuit del mat\u00ed fins a tres quarts de tres del migdia, el nostre gimn\u00e0s va ser l&#8217;escenari de m\u00faltiples recitacions de poemes, incloses les&hellip;  <a href=\"https:\/\/agora.xtec.cat\/iescapnorfeu\/general\/sant-jordi-2023\/\" title=\"Read SANT JORDI 2023\">Llegeix m\u00e9s\u00bb<\/a><\/p>\n","protected":false},"author":1,"featured_media":0,"comment_status":"open","ping_status":"closed","sticky":false,"template":"","format":"standard","meta":{"_bbp_topic_count":0,"_bbp_reply_count":0,"_bbp_total_topic_count":0,"_bbp_total_reply_count":0,"_bbp_voice_count":0,"_bbp_anonymous_reply_count":0,"_bbp_topic_count_hidden":0,"_bbp_reply_count_hidden":0,"_bbp_forum_subforum_count":0,"footnotes":""},"categories":[1,29],"tags":[],"class_list":["post-3171","post","type-post","status-publish","format-standard","hentry","category-general","category-portada"],"post_mailing_queue_ids":[],"_links":{"self":[{"href":"https:\/\/agora.xtec.cat\/iescapnorfeu\/wp-json\/wp\/v2\/posts\/3171","targetHints":{"allow":["GET"]}}],"collection":[{"href":"https:\/\/agora.xtec.cat\/iescapnorfeu\/wp-json\/wp\/v2\/posts"}],"about":[{"href":"https:\/\/agora.xtec.cat\/iescapnorfeu\/wp-json\/wp\/v2\/types\/post"}],"author":[{"embeddable":true,"href":"https:\/\/agora.xtec.cat\/iescapnorfeu\/wp-json\/wp\/v2\/users\/1"}],"replies":[{"embeddable":true,"href":"https:\/\/agora.xtec.cat\/iescapnorfeu\/wp-json\/wp\/v2\/comments?post=3171"}],"version-history":[{"count":2,"href":"https:\/\/agora.xtec.cat\/iescapnorfeu\/wp-json\/wp\/v2\/posts\/3171\/revisions"}],"predecessor-version":[{"id":3616,"href":"https:\/\/agora.xtec.cat\/iescapnorfeu\/wp-json\/wp\/v2\/posts\/3171\/revisions\/3616"}],"wp:attachment":[{"href":"https:\/\/agora.xtec.cat\/iescapnorfeu\/wp-json\/wp\/v2\/media?parent=3171"}],"wp:term":[{"taxonomy":"category","embeddable":true,"href":"https:\/\/agora.xtec.cat\/iescapnorfeu\/wp-json\/wp\/v2\/categories?post=3171"},{"taxonomy":"post_tag","embeddable":true,"href":"https:\/\/agora.xtec.cat\/iescapnorfeu\/wp-json\/wp\/v2\/tags?post=3171"}],"curies":[{"name":"wp","href":"https:\/\/api.w.org\/{rel}","templated":true}]}}