{"id":3167,"date":"2023-04-26T14:11:35","date_gmt":"2023-04-26T12:11:35","guid":{"rendered":"https:\/\/agora.xtec.cat\/iescapnorfeu\/?p=3167"},"modified":"2023-04-26T14:12:35","modified_gmt":"2023-04-26T12:12:35","slug":"sortida-a-la-biblioteca-de-peralada","status":"publish","type":"post","link":"https:\/\/agora.xtec.cat\/iescapnorfeu\/general\/sortida-a-la-biblioteca-de-peralada\/","title":{"rendered":"SORTIDA A LA BIBLIOTECA DE PERALADA"},"content":{"rendered":"<p style=\"text-align: justify;\">Els nostres alumnes de 3r d&#8217;ESO van anar el passat dijous 20 d&#8217;abril a Peralada. La primera part de la sortida consistia en fer una visita guiada que va comen\u00e7ar a la Capella del Castell on vam con\u00e8ixer la hist\u00f2ria de la fam\u00edlia propiet\u00e0ria i les caracter\u00edstiques arquitect\u00f2niques d&#8217;aquest espai, vam travessar el claustre per continuar-la a la sala on tenen una magn\u00edfica col\u00b7lecci\u00f3 de vidre. Ubicada tamb\u00e9 dins de l&#8217;antic convent de frares carmelites (del s. XIV) vam aturar-nos a la impressionant biblioteca del Castell.<br \/>\nLa segona part de la sortida va ser un recorregut per la vila de Peralada amb la professora Lourdes Moret per con\u00e8ixer la hist\u00f2ria dels edificis m\u00e9s emblem\u00e0tics i que formen part de la hist\u00f2ria col\u00b7lectiva de l&#8217;Empord\u00e0.<\/p>\n<p><a href=\"https:\/\/agora.xtec.cat\/iescapnorfeu\/wp-content\/uploads\/usu2070\/2023\/04\/IMG-20230422-WA0028.jpg\"><img loading=\"lazy\" decoding=\"async\" class=\"alignleft size-full wp-image-3168\" src=\"https:\/\/agora.xtec.cat\/iescapnorfeu\/wp-content\/uploads\/usu2070\/2023\/04\/IMG-20230422-WA0028.jpg\" alt=\"\" width=\"768\" height=\"1024\" srcset=\"https:\/\/agora.xtec.cat\/iescapnorfeu\/wp-content\/uploads\/usu2070\/2023\/04\/IMG-20230422-WA0028.jpg 768w, https:\/\/agora.xtec.cat\/iescapnorfeu\/wp-content\/uploads\/usu2070\/2023\/04\/IMG-20230422-WA0028-225x300.jpg 225w\" sizes=\"auto, (max-width: 768px) 100vw, 768px\" \/><\/a><\/p>\n<p><a href=\"https:\/\/drive.google.com\/drive\/folders\/1DYYXuXPXAEatDXgDJ_WgnstZaqcNbwIY?usp=sharing\" target=\"_blank\" rel=\"noopener\">FOTOS DE LA SORTIDA<\/a><\/p>\n","protected":false},"excerpt":{"rendered":"<p>Els nostres alumnes de 3r d&#8217;ESO van anar el passat dijous 20 d&#8217;abril a Peralada. La primera part de la sortida consistia en fer una visita guiada que va comen\u00e7ar a la Capella del Castell on vam con\u00e8ixer la hist\u00f2ria de la fam\u00edlia propiet\u00e0ria i&hellip;  <a href=\"https:\/\/agora.xtec.cat\/iescapnorfeu\/general\/sortida-a-la-biblioteca-de-peralada\/\" title=\"Read SORTIDA A LA BIBLIOTECA DE PERALADA\">Llegeix m\u00e9s\u00bb<\/a><\/p>\n","protected":false},"author":1,"featured_media":0,"comment_status":"open","ping_status":"closed","sticky":false,"template":"","format":"standard","meta":{"_bbp_topic_count":0,"_bbp_reply_count":0,"_bbp_total_topic_count":0,"_bbp_total_reply_count":0,"_bbp_voice_count":0,"_bbp_anonymous_reply_count":0,"_bbp_topic_count_hidden":0,"_bbp_reply_count_hidden":0,"_bbp_forum_subforum_count":0,"footnotes":""},"categories":[1,29],"tags":[],"class_list":["post-3167","post","type-post","status-publish","format-standard","hentry","category-general","category-portada"],"post_mailing_queue_ids":[],"_links":{"self":[{"href":"https:\/\/agora.xtec.cat\/iescapnorfeu\/wp-json\/wp\/v2\/posts\/3167","targetHints":{"allow":["GET"]}}],"collection":[{"href":"https:\/\/agora.xtec.cat\/iescapnorfeu\/wp-json\/wp\/v2\/posts"}],"about":[{"href":"https:\/\/agora.xtec.cat\/iescapnorfeu\/wp-json\/wp\/v2\/types\/post"}],"author":[{"embeddable":true,"href":"https:\/\/agora.xtec.cat\/iescapnorfeu\/wp-json\/wp\/v2\/users\/1"}],"replies":[{"embeddable":true,"href":"https:\/\/agora.xtec.cat\/iescapnorfeu\/wp-json\/wp\/v2\/comments?post=3167"}],"version-history":[{"count":2,"href":"https:\/\/agora.xtec.cat\/iescapnorfeu\/wp-json\/wp\/v2\/posts\/3167\/revisions"}],"predecessor-version":[{"id":3170,"href":"https:\/\/agora.xtec.cat\/iescapnorfeu\/wp-json\/wp\/v2\/posts\/3167\/revisions\/3170"}],"wp:attachment":[{"href":"https:\/\/agora.xtec.cat\/iescapnorfeu\/wp-json\/wp\/v2\/media?parent=3167"}],"wp:term":[{"taxonomy":"category","embeddable":true,"href":"https:\/\/agora.xtec.cat\/iescapnorfeu\/wp-json\/wp\/v2\/categories?post=3167"},{"taxonomy":"post_tag","embeddable":true,"href":"https:\/\/agora.xtec.cat\/iescapnorfeu\/wp-json\/wp\/v2\/tags?post=3167"}],"curies":[{"name":"wp","href":"https:\/\/api.w.org\/{rel}","templated":true}]}}