{"id":3163,"date":"2023-04-17T10:22:21","date_gmt":"2023-04-17T08:22:21","guid":{"rendered":"https:\/\/agora.xtec.cat\/iescapnorfeu\/?p=3163"},"modified":"2023-04-17T10:22:21","modified_gmt":"2023-04-17T08:22:21","slug":"posem-li-pebrots-al-cancer","status":"publish","type":"post","link":"https:\/\/agora.xtec.cat\/iescapnorfeu\/general\/posem-li-pebrots-al-cancer\/","title":{"rendered":"POSEM-LI PEBROTS AL C\u00c0NCER"},"content":{"rendered":"<p style=\"text-align: justify;\">Aquest passat cap de setmana divendres 14 i dissabte 15 d\u2019abril els nostres alumnes dins el marc del Servei Comunitari van col\u2022laborar amb la campanya \u201cPosem-li pebrots al c\u00e0ncer\u201d que arriba un any m\u00e9s als supermercats Condis on es distribueixen bosses de pebrots entre els clients a un preu simb\u00f2lic d\u2019un euro i mig. L\u2019objectiu de la campanya \u00e9s fomentar la solidaritat amb les persones que pateixen la malaltia, fer difusi\u00f3 de la tasca d\u2019acompanyament que fan les entitats vinculades com la Fundaci\u00f3 contra el c\u00e0ncer de Roses i tamb\u00e9 aconseguir fons per continuar desenvolupant els programes d\u2019atenci\u00f3 i ajuda a les persones malaltes i els seus familiars.<br \/>\nLa tasca dels nostres alumnes ha estat ajudar a vendre les bosses de pebrots i informar als clients sobre la finalitat de la campanya.<\/p>\n<p><a href=\"https:\/\/agora.xtec.cat\/iescapnorfeu\/wp-content\/uploads\/usu2070\/2023\/04\/pebrots.jpg\"><img loading=\"lazy\" decoding=\"async\" class=\"alignleft size-large wp-image-3164\" src=\"https:\/\/agora.xtec.cat\/iescapnorfeu\/wp-content\/uploads\/usu2070\/2023\/04\/pebrots-1024x1024.jpg\" alt=\"\" width=\"1024\" height=\"1024\" srcset=\"https:\/\/agora.xtec.cat\/iescapnorfeu\/wp-content\/uploads\/usu2070\/2023\/04\/pebrots-1024x1024.jpg 1024w, https:\/\/agora.xtec.cat\/iescapnorfeu\/wp-content\/uploads\/usu2070\/2023\/04\/pebrots-300x300.jpg 300w, https:\/\/agora.xtec.cat\/iescapnorfeu\/wp-content\/uploads\/usu2070\/2023\/04\/pebrots-150x150.jpg 150w, https:\/\/agora.xtec.cat\/iescapnorfeu\/wp-content\/uploads\/usu2070\/2023\/04\/pebrots-768x768.jpg 768w, https:\/\/agora.xtec.cat\/iescapnorfeu\/wp-content\/uploads\/usu2070\/2023\/04\/pebrots.jpg 1200w\" sizes=\"auto, (max-width: 1024px) 100vw, 1024px\" \/><\/a><\/p>\n","protected":false},"excerpt":{"rendered":"<p>Aquest passat cap de setmana divendres 14 i dissabte 15 d\u2019abril els nostres alumnes dins el marc del Servei Comunitari van col\u2022laborar amb la campanya \u201cPosem-li pebrots al c\u00e0ncer\u201d que arriba un any m\u00e9s als supermercats Condis on es distribueixen bosses de pebrots entre els&hellip;  <a href=\"https:\/\/agora.xtec.cat\/iescapnorfeu\/general\/posem-li-pebrots-al-cancer\/\" title=\"Read POSEM-LI PEBROTS AL C\u00c0NCER\">Llegeix m\u00e9s\u00bb<\/a><\/p>\n","protected":false},"author":1,"featured_media":0,"comment_status":"open","ping_status":"closed","sticky":false,"template":"","format":"standard","meta":{"_bbp_topic_count":0,"_bbp_reply_count":0,"_bbp_total_topic_count":0,"_bbp_total_reply_count":0,"_bbp_voice_count":0,"_bbp_anonymous_reply_count":0,"_bbp_topic_count_hidden":0,"_bbp_reply_count_hidden":0,"_bbp_forum_subforum_count":0,"footnotes":""},"categories":[1,29],"tags":[],"class_list":["post-3163","post","type-post","status-publish","format-standard","hentry","category-general","category-portada"],"post_mailing_queue_ids":[],"_links":{"self":[{"href":"https:\/\/agora.xtec.cat\/iescapnorfeu\/wp-json\/wp\/v2\/posts\/3163","targetHints":{"allow":["GET"]}}],"collection":[{"href":"https:\/\/agora.xtec.cat\/iescapnorfeu\/wp-json\/wp\/v2\/posts"}],"about":[{"href":"https:\/\/agora.xtec.cat\/iescapnorfeu\/wp-json\/wp\/v2\/types\/post"}],"author":[{"embeddable":true,"href":"https:\/\/agora.xtec.cat\/iescapnorfeu\/wp-json\/wp\/v2\/users\/1"}],"replies":[{"embeddable":true,"href":"https:\/\/agora.xtec.cat\/iescapnorfeu\/wp-json\/wp\/v2\/comments?post=3163"}],"version-history":[{"count":1,"href":"https:\/\/agora.xtec.cat\/iescapnorfeu\/wp-json\/wp\/v2\/posts\/3163\/revisions"}],"predecessor-version":[{"id":3165,"href":"https:\/\/agora.xtec.cat\/iescapnorfeu\/wp-json\/wp\/v2\/posts\/3163\/revisions\/3165"}],"wp:attachment":[{"href":"https:\/\/agora.xtec.cat\/iescapnorfeu\/wp-json\/wp\/v2\/media?parent=3163"}],"wp:term":[{"taxonomy":"category","embeddable":true,"href":"https:\/\/agora.xtec.cat\/iescapnorfeu\/wp-json\/wp\/v2\/categories?post=3163"},{"taxonomy":"post_tag","embeddable":true,"href":"https:\/\/agora.xtec.cat\/iescapnorfeu\/wp-json\/wp\/v2\/tags?post=3163"}],"curies":[{"name":"wp","href":"https:\/\/api.w.org\/{rel}","templated":true}]}}