{"id":3148,"date":"2023-04-03T14:20:41","date_gmt":"2023-04-03T12:20:41","guid":{"rendered":"https:\/\/agora.xtec.cat\/iescapnorfeu\/?p=3148"},"modified":"2023-04-29T08:29:55","modified_gmt":"2023-04-29T06:29:55","slug":"portes-obertes-preinscripcio-cicles-formatius","status":"publish","type":"post","link":"https:\/\/agora.xtec.cat\/iescapnorfeu\/general\/portes-obertes-preinscripcio-cicles-formatius\/","title":{"rendered":"PORTES OBERTES PREINSCRIPCI\u00d3 CICLES FORMATIUS"},"content":{"rendered":"<p style=\"text-align: justify;\">Just despr\u00e9s de les vacances de Setmana Santa s&#8217;inicia el procediment de preinscripci\u00f3 als Cicles Formatius de grau MITJ\u00c0 per a l&#8217;alumnat <strong>amb CONTINU\u00cfTAT d&#8217;escolaritzaci\u00f3.<\/strong><\/p>\n<p style=\"text-align: justify;\">Poden participar en aquest proc\u00e9s de continu\u00eftat:<\/p>\n<ul style=\"text-align: justify;\">\n<li>L&#8217;alumnat que en el moment de presentar la sol\u00b7licitud est\u00e0 cursant el quart curs de l&#8217;ESO en un centre ordinari, est\u00e0 cursant o ha cursat el GESO en el curs actual en un centre de formaci\u00f3 d&#8217;adults o est\u00e0 escolaritzat en un sistema educatiu estranger en un nivell equivalent a quart d&#8217;ESO. Tamb\u00e9 pot participar-hi l&#8217;alumnat que en el moment de presentar la sol\u00b7licitud est\u00e0 cursant el primer curs de batxillerat.<\/li>\n<li>L&#8217;alumnat que ha superat un programa de qualificaci\u00f3 professional inicial (PQPI) o de formaci\u00f3 professional b\u00e0sica. Per aquesta via tamb\u00e9 pot participar l&#8217;alumnat que ha superat o est\u00e0 cursant un cicle formatiu de grau b\u00e0sic.<\/li>\n<li>L&#8217;alumnat que ha cursat o est\u00e0 cursant en el moment de presentar la sol\u00b7licitud el Curs de formaci\u00f3 espec\u00edfic per a l&#8217;acc\u00e9s als cicles de grau mitj\u00e0, ha superat o est\u00e0 inscrit a la prova d&#8217;acc\u00e9s (incl\u00fas si n&#8217;est\u00e0 exempt) o t\u00e9 altres requisits d&#8217;acc\u00e9s i que durant l&#8217;any de presentaci\u00f3 de la sol\u00b7licitud compleix, com a m\u00e0xim, 18 anys.<\/li>\n<\/ul>\n<p style=\"text-align: justify;\">Per a donar a con\u00e8ixer la nostra oferta de cicles formatius d&#8217;Administraci\u00f3 i Gesti\u00f3, juntament amb el Projecte Educatiu del centre i les nostres instal\u00b7lacions, hem organitzat una Jornada de Portes Obertes pel proper<\/p>\n<p style=\"color: #ff0000; text-align: center;\"><strong>dimecres 12 d&#8217;abril a les 19:00h<\/strong><\/p>\n<p style=\"text-align: center;\"><a href=\"https:\/\/agora.xtec.cat\/iescapnorfeu\/wp-content\/uploads\/usu2070\/2023\/04\/Portes-obertes-GA-120423.pdf\" target=\"_blank\" rel=\"noopener\">R\u00c8TOL PORTES OBERTES CFGM<\/a><\/p>\n<p style=\"text-align: justify;\">Recordeu que el nostre centre ofereix dos cicles formatius en la modalitat dual:<\/p>\n<ul style=\"text-align: justify;\">\n<li>CFGM Gesti\u00f3 Administrativa<\/li>\n<li>CFGS Administraci\u00f3 i Finances<\/li>\n<\/ul>\n<p style=\"text-align: justify;\">Finalment, podeu consultar tota la informaci\u00f3 sobre el procediment preinscripci\u00f3 a la p\u00e0gina oficial del Departament d&#8217;Educaci\u00f3:<\/p>\n<p style=\"text-align: center;\"><a href=\"https:\/\/preinscripcio.gencat.cat\/ca\/inici\" target=\"_blank\" rel=\"noopener\">ENLLA\u00c7 WEB DPT. D&#8217;EDUCACI\u00d3<\/a><\/p>\n","protected":false},"excerpt":{"rendered":"<p>Just despr\u00e9s de les vacances de Setmana Santa s&#8217;inicia el procediment de preinscripci\u00f3 als Cicles Formatius de grau MITJ\u00c0 per a l&#8217;alumnat amb CONTINU\u00cfTAT d&#8217;escolaritzaci\u00f3.<br \/>\nPoden participar en aquest proc\u00e9s de continu\u00eftat:<\/p>\n<ul style=\"text-align: justify;\">\n<li>L&#8217;alumnat que en el moment de presentar la sol\u00b7licitud est\u00e0 cursant el quart&hellip;  <a href=\"https:\/\/agora.xtec.cat\/iescapnorfeu\/general\/portes-obertes-preinscripcio-cicles-formatius\/\" title=\"Read PORTES OBERTES PREINSCRIPCI\u00d3 CICLES FORMATIUS\">Llegeix m\u00e9s\u00bb<\/a><br \/>\n","protected":false},"author":1,"featured_media":3150,"comment_status":"open","ping_status":"closed","sticky":false,"template":"","format":"standard","meta":{"_bbp_topic_count":0,"_bbp_reply_count":0,"_bbp_total_topic_count":0,"_bbp_total_reply_count":0,"_bbp_voice_count":0,"_bbp_anonymous_reply_count":0,"_bbp_topic_count_hidden":0,"_bbp_reply_count_hidden":0,"_bbp_forum_subforum_count":0,"footnotes":""},"categories":[1,29],"tags":[],"class_list":["post-3148","post","type-post","status-publish","format-standard","has-post-thumbnail","hentry","category-general","category-portada"],"post_mailing_queue_ids":[],"_links":{"self":[{"href":"https:\/\/agora.xtec.cat\/iescapnorfeu\/wp-json\/wp\/v2\/posts\/3148","targetHints":{"allow":["GET"]}}],"collection":[{"href":"https:\/\/agora.xtec.cat\/iescapnorfeu\/wp-json\/wp\/v2\/posts"}],"about":[{"href":"https:\/\/agora.xtec.cat\/iescapnorfeu\/wp-json\/wp\/v2\/types\/post"}],"author":[{"embeddable":true,"href":"https:\/\/agora.xtec.cat\/iescapnorfeu\/wp-json\/wp\/v2\/users\/1"}],"replies":[{"embeddable":true,"href":"https:\/\/agora.xtec.cat\/iescapnorfeu\/wp-json\/wp\/v2\/comments?post=3148"}],"version-history":[{"count":3,"href":"https:\/\/agora.xtec.cat\/iescapnorfeu\/wp-json\/wp\/v2\/posts\/3148\/revisions"}],"predecessor-version":[{"id":3166,"href":"https:\/\/agora.xtec.cat\/iescapnorfeu\/wp-json\/wp\/v2\/posts\/3148\/revisions\/3166"}],"wp:featuredmedia":[{"embeddable":true,"href":"https:\/\/agora.xtec.cat\/iescapnorfeu\/wp-json\/wp\/v2\/media\/3150"}],"wp:attachment":[{"href":"https:\/\/agora.xtec.cat\/iescapnorfeu\/wp-json\/wp\/v2\/media?parent=3148"}],"wp:term":[{"taxonomy":"category","embeddable":true,"href":"https:\/\/agora.xtec.cat\/iescapnorfeu\/wp-json\/wp\/v2\/categories?post=3148"},{"taxonomy":"post_tag","embeddable":true,"href":"https:\/\/agora.xtec.cat\/iescapnorfeu\/wp-json\/wp\/v2\/tags?post=3148"}],"curies":[{"name":"wp","href":"https:\/\/api.w.org\/{rel}","templated":true}]}}