{"id":3144,"date":"2023-04-02T19:48:01","date_gmt":"2023-04-02T17:48:01","guid":{"rendered":"https:\/\/agora.xtec.cat\/iescapnorfeu\/?p=3144"},"modified":"2023-04-02T19:48:01","modified_gmt":"2023-04-02T17:48:01","slug":"finalitzen-els-tallers-de-reforc-de-memoria","status":"publish","type":"post","link":"https:\/\/agora.xtec.cat\/iescapnorfeu\/general\/finalitzen-els-tallers-de-reforc-de-memoria\/","title":{"rendered":"FINALITZEN ELS TALLERS DE &#8220;REFOR\u00c7 DE MEM\u00d2RIA&#8221;"},"content":{"rendered":"<p style=\"text-align: justify;\">El passat divendres 31 de mar\u00e7 vam celebrar la finalitzaci\u00f3 dels Tallers de &#8220;Refor\u00e7 de Mem\u00f2ria&#8221; d&#8217;enguany. Aquests tallers formen part de la programaci\u00f3 d&#8217;activitats dels Casals de Roses i estan realitzats pels alumnes de 2n de Batxillerat que cursen les mat\u00e8ries de psicologia i sociologia.<br \/>\nAquest treball intergeneracional \u00e9s un profit\u00f3s projecte d&#8217;Aprenentatge Servei que sorgeix de la col.laboraci\u00f3 entre els estudiants i els jubilats dels Casals del municipi, una gran experi\u00e8ncia que ja es va comen\u00e7ar el curs passat, i que aquest ha tingut un important increment de participaci\u00f3, tant per par de l&#8217;alumnat com dels socis dels casals de jubilats.<\/p>\n<p style=\"text-align: justify;\">Enhorabona a tothom, i fins el curs vinent!<\/p>\n<p><a href=\"https:\/\/agora.xtec.cat\/iescapnorfeu\/wp-content\/uploads\/usu2070\/2023\/04\/Memo.jpg\"><img loading=\"lazy\" decoding=\"async\" class=\"alignleft size-large wp-image-3146\" src=\"https:\/\/agora.xtec.cat\/iescapnorfeu\/wp-content\/uploads\/usu2070\/2023\/04\/Memo-1024x1024.jpg\" alt=\"\" width=\"1024\" height=\"1024\" srcset=\"https:\/\/agora.xtec.cat\/iescapnorfeu\/wp-content\/uploads\/usu2070\/2023\/04\/Memo-1024x1024.jpg 1024w, https:\/\/agora.xtec.cat\/iescapnorfeu\/wp-content\/uploads\/usu2070\/2023\/04\/Memo-300x300.jpg 300w, https:\/\/agora.xtec.cat\/iescapnorfeu\/wp-content\/uploads\/usu2070\/2023\/04\/Memo-150x150.jpg 150w, https:\/\/agora.xtec.cat\/iescapnorfeu\/wp-content\/uploads\/usu2070\/2023\/04\/Memo-768x768.jpg 768w, https:\/\/agora.xtec.cat\/iescapnorfeu\/wp-content\/uploads\/usu2070\/2023\/04\/Memo.jpg 1200w\" sizes=\"auto, (max-width: 1024px) 100vw, 1024px\" \/><\/a><\/p>\n","protected":false},"excerpt":{"rendered":"<p>El passat divendres 31 de mar\u00e7 vam celebrar la finalitzaci\u00f3 dels Tallers de &#8220;Refor\u00e7 de Mem\u00f2ria&#8221; d&#8217;enguany. Aquests tallers formen part de la programaci\u00f3 d&#8217;activitats dels Casals de Roses i estan realitzats pels alumnes de 2n de Batxillerat que cursen les mat\u00e8ries de psicologia i&hellip;  <a href=\"https:\/\/agora.xtec.cat\/iescapnorfeu\/general\/finalitzen-els-tallers-de-reforc-de-memoria\/\" title=\"Read FINALITZEN ELS TALLERS DE &#8220;REFOR\u00c7 DE MEM\u00d2RIA&#8221;\">Llegeix m\u00e9s\u00bb<\/a><\/p>\n","protected":false},"author":1,"featured_media":0,"comment_status":"open","ping_status":"closed","sticky":false,"template":"","format":"standard","meta":{"_bbp_topic_count":0,"_bbp_reply_count":0,"_bbp_total_topic_count":0,"_bbp_total_reply_count":0,"_bbp_voice_count":0,"_bbp_anonymous_reply_count":0,"_bbp_topic_count_hidden":0,"_bbp_reply_count_hidden":0,"_bbp_forum_subforum_count":0,"footnotes":""},"categories":[1,29],"tags":[],"class_list":["post-3144","post","type-post","status-publish","format-standard","hentry","category-general","category-portada"],"post_mailing_queue_ids":[],"_links":{"self":[{"href":"https:\/\/agora.xtec.cat\/iescapnorfeu\/wp-json\/wp\/v2\/posts\/3144","targetHints":{"allow":["GET"]}}],"collection":[{"href":"https:\/\/agora.xtec.cat\/iescapnorfeu\/wp-json\/wp\/v2\/posts"}],"about":[{"href":"https:\/\/agora.xtec.cat\/iescapnorfeu\/wp-json\/wp\/v2\/types\/post"}],"author":[{"embeddable":true,"href":"https:\/\/agora.xtec.cat\/iescapnorfeu\/wp-json\/wp\/v2\/users\/1"}],"replies":[{"embeddable":true,"href":"https:\/\/agora.xtec.cat\/iescapnorfeu\/wp-json\/wp\/v2\/comments?post=3144"}],"version-history":[{"count":1,"href":"https:\/\/agora.xtec.cat\/iescapnorfeu\/wp-json\/wp\/v2\/posts\/3144\/revisions"}],"predecessor-version":[{"id":3147,"href":"https:\/\/agora.xtec.cat\/iescapnorfeu\/wp-json\/wp\/v2\/posts\/3144\/revisions\/3147"}],"wp:attachment":[{"href":"https:\/\/agora.xtec.cat\/iescapnorfeu\/wp-json\/wp\/v2\/media?parent=3144"}],"wp:term":[{"taxonomy":"category","embeddable":true,"href":"https:\/\/agora.xtec.cat\/iescapnorfeu\/wp-json\/wp\/v2\/categories?post=3144"},{"taxonomy":"post_tag","embeddable":true,"href":"https:\/\/agora.xtec.cat\/iescapnorfeu\/wp-json\/wp\/v2\/tags?post=3144"}],"curies":[{"name":"wp","href":"https:\/\/api.w.org\/{rel}","templated":true}]}}