{"id":3127,"date":"2023-03-31T09:51:21","date_gmt":"2023-03-31T07:51:21","guid":{"rendered":"https:\/\/agora.xtec.cat\/iescapnorfeu\/?p=3127"},"modified":"2023-03-31T13:34:57","modified_gmt":"2023-03-31T11:34:57","slug":"xerrada-per-part-de-la-fundacio-roses-cotra-el-cancer","status":"publish","type":"post","link":"https:\/\/agora.xtec.cat\/iescapnorfeu\/general\/xerrada-per-part-de-la-fundacio-roses-cotra-el-cancer\/","title":{"rendered":"XERRADA PER PART DE LA FUNDACI\u00d3 ROSES CONTRA EL C\u00c0NCER"},"content":{"rendered":"<p style=\"text-align: justify;\">El passat dimarts 28 de Mar\u00e7 es va realitzar en el nostre Institut una xerrada per part de la Fundaci\u00f3 Roses Contra el C\u00e0ncer amb la participaci\u00f3 de dos ponents i dos testimonis que han passat per la malaltia amb la finalitat de sensibilitzar i conscienciar sobre la import\u00e0ncia de la prevenci\u00f3 en estils de vida saludables, aix\u00ed com tamb\u00e9 promocionar el voluntariat entre els m\u00e9s joves i informar sobre la malaltia, l\u2019entitat i els serveis que ofereix l\u2019entitat.<\/p>\n<p><a href=\"https:\/\/agora.xtec.cat\/iescapnorfeu\/wp-content\/uploads\/usu2070\/2023\/03\/IMG_3205.jpg\"><img loading=\"lazy\" decoding=\"async\" class=\"alignleft size-full wp-image-3128\" src=\"https:\/\/agora.xtec.cat\/iescapnorfeu\/wp-content\/uploads\/usu2070\/2023\/03\/IMG_3205.jpg\" alt=\"\" width=\"640\" height=\"434\" srcset=\"https:\/\/agora.xtec.cat\/iescapnorfeu\/wp-content\/uploads\/usu2070\/2023\/03\/IMG_3205.jpg 640w, https:\/\/agora.xtec.cat\/iescapnorfeu\/wp-content\/uploads\/usu2070\/2023\/03\/IMG_3205-300x203.jpg 300w\" sizes=\"auto, (max-width: 640px) 100vw, 640px\" \/><\/a><\/p>\n","protected":false},"excerpt":{"rendered":"<p>El passat dimarts 28 de Mar\u00e7 es va realitzar en el nostre Institut una xerrada per part de la Fundaci\u00f3 Roses Contra el C\u00e0ncer amb la participaci\u00f3 de dos ponents i dos testimonis que han passat per la malaltia amb la finalitat de sensibilitzar i&hellip;  <a href=\"https:\/\/agora.xtec.cat\/iescapnorfeu\/general\/xerrada-per-part-de-la-fundacio-roses-cotra-el-cancer\/\" title=\"Read XERRADA PER PART DE LA FUNDACI\u00d3 ROSES CONTRA EL C\u00c0NCER\">Llegeix m\u00e9s\u00bb<\/a><\/p>\n","protected":false},"author":1,"featured_media":0,"comment_status":"open","ping_status":"closed","sticky":false,"template":"","format":"standard","meta":{"_bbp_topic_count":0,"_bbp_reply_count":0,"_bbp_total_topic_count":0,"_bbp_total_reply_count":0,"_bbp_voice_count":0,"_bbp_anonymous_reply_count":0,"_bbp_topic_count_hidden":0,"_bbp_reply_count_hidden":0,"_bbp_forum_subforum_count":0,"footnotes":""},"categories":[1,29],"tags":[],"class_list":["post-3127","post","type-post","status-publish","format-standard","hentry","category-general","category-portada"],"post_mailing_queue_ids":[],"_links":{"self":[{"href":"https:\/\/agora.xtec.cat\/iescapnorfeu\/wp-json\/wp\/v2\/posts\/3127","targetHints":{"allow":["GET"]}}],"collection":[{"href":"https:\/\/agora.xtec.cat\/iescapnorfeu\/wp-json\/wp\/v2\/posts"}],"about":[{"href":"https:\/\/agora.xtec.cat\/iescapnorfeu\/wp-json\/wp\/v2\/types\/post"}],"author":[{"embeddable":true,"href":"https:\/\/agora.xtec.cat\/iescapnorfeu\/wp-json\/wp\/v2\/users\/1"}],"replies":[{"embeddable":true,"href":"https:\/\/agora.xtec.cat\/iescapnorfeu\/wp-json\/wp\/v2\/comments?post=3127"}],"version-history":[{"count":3,"href":"https:\/\/agora.xtec.cat\/iescapnorfeu\/wp-json\/wp\/v2\/posts\/3127\/revisions"}],"predecessor-version":[{"id":3131,"href":"https:\/\/agora.xtec.cat\/iescapnorfeu\/wp-json\/wp\/v2\/posts\/3127\/revisions\/3131"}],"wp:attachment":[{"href":"https:\/\/agora.xtec.cat\/iescapnorfeu\/wp-json\/wp\/v2\/media?parent=3127"}],"wp:term":[{"taxonomy":"category","embeddable":true,"href":"https:\/\/agora.xtec.cat\/iescapnorfeu\/wp-json\/wp\/v2\/categories?post=3127"},{"taxonomy":"post_tag","embeddable":true,"href":"https:\/\/agora.xtec.cat\/iescapnorfeu\/wp-json\/wp\/v2\/tags?post=3127"}],"curies":[{"name":"wp","href":"https:\/\/api.w.org\/{rel}","templated":true}]}}