{"id":3122,"date":"2023-03-30T07:31:29","date_gmt":"2023-03-30T05:31:29","guid":{"rendered":"https:\/\/agora.xtec.cat\/iescapnorfeu\/?p=3122"},"modified":"2024-02-27T11:27:07","modified_gmt":"2024-02-27T10:27:07","slug":"salo-expojove-2023","status":"publish","type":"post","link":"https:\/\/agora.xtec.cat\/iescapnorfeu\/general\/salo-expojove-2023\/","title":{"rendered":"SAL\u00d3 EXPOJOVE 2023"},"content":{"rendered":"<p style=\"text-align: justify;\">Aquest any hem tornat a ser presents a la Fira de Girona al sal\u00f3 de la formaci\u00f3 i l\u2019ocupaci\u00f3 de les comarques gironines, ExpoJove. El departament administratiu de l\u2019INS Cap Norfeu aquest dimecres 29 de mar\u00e7 hi ha estat tot el mat\u00ed, la fira estar\u00e0 oberta fins el proper 31 de mar\u00e7. Tres professores han tingut la possibilitat de mostrar i oferir al p\u00fablic assistent els estudis d\u2019\u201cAdministraci\u00f3 i Gesti\u00f3\u201d. Aquest any ten\u00edem codis QR per tots els estudis (Gesti\u00f3 administrativa i Administraci\u00f3 i finances), els estudiants feien una fotografia i se\u2019ls obrien unes carpetes amb tota la informaci\u00f3 sobre aquests cicles formatius.<br \/>\nDins el marc disponible per a la formaci\u00f3, on s\u2019exposen les diferents possibilitats formatives existents, el Departament d\u2019Ensenyament ofereix tota una mostra dinamitzada dels ensenyaments professionals de Grau Mitj\u00e0 i Grau Superior que es realitzen a les comarques gironines. I no nom\u00e9s hi ha espai per a la formaci\u00f3, es compta tamb\u00e9 d\u2019espais per a l\u2019orientaci\u00f3 laboral i pel que fa a l\u2019ocupaci\u00f3, a la vegada que es realitzaran una trentena de xerrades informatives sobre ocupaci\u00f3, formaci\u00f3 i recursos.<br \/>\nVal a dir que el primer dia tamb\u00e9 al mat\u00ed han comptat amb la visita dels estudiants de 4t d\u2019ESO del nostre institut, aix\u00ed com d\u2019altres instituts de la prov\u00edncia, acompanyats de personal docent i tamb\u00e9 per pares i mares. Nombroses han estat les consultes que els nostres docents han rebut tot demanant informaci\u00f3 sobre la nostra oferta de cicles, confirmant d\u2019aquesta manera que els nostres estudis continuen gaudint d\u2019un gran reclam i inter\u00e8s per part de l\u2019alumnat a comarques gironines.<\/p>\n<p>La visita dels alumnes de 4t d&#8217;ESO a l&#8217;Expojove ha estat en part subvencionada per part de l&#8217;Ajuntament de Roses.<\/p>\n<p><a href=\"https:\/\/agora.xtec.cat\/iescapnorfeu\/wp-content\/uploads\/usu2070\/2023\/03\/EXPOJOVE-290323-12-1-scaled.jpg\"><img loading=\"lazy\" decoding=\"async\" class=\"alignleft wp-image-3123 size-large\" src=\"https:\/\/agora.xtec.cat\/iescapnorfeu\/wp-content\/uploads\/usu2070\/2023\/03\/EXPOJOVE-290323-12-1-scaled-e1680154280608-768x1024.jpg\" alt=\"\" width=\"768\" height=\"1024\" srcset=\"https:\/\/agora.xtec.cat\/iescapnorfeu\/wp-content\/uploads\/usu2070\/2023\/03\/EXPOJOVE-290323-12-1-scaled-e1680154280608-768x1024.jpg 768w, https:\/\/agora.xtec.cat\/iescapnorfeu\/wp-content\/uploads\/usu2070\/2023\/03\/EXPOJOVE-290323-12-1-scaled-e1680154280608-225x300.jpg 225w, https:\/\/agora.xtec.cat\/iescapnorfeu\/wp-content\/uploads\/usu2070\/2023\/03\/EXPOJOVE-290323-12-1-scaled-e1680154280608-1152x1536.jpg 1152w, https:\/\/agora.xtec.cat\/iescapnorfeu\/wp-content\/uploads\/usu2070\/2023\/03\/EXPOJOVE-290323-12-1-scaled-e1680154280608-1536x2048.jpg 1536w, https:\/\/agora.xtec.cat\/iescapnorfeu\/wp-content\/uploads\/usu2070\/2023\/03\/EXPOJOVE-290323-12-1-scaled-e1680154280608.jpg 1920w\" sizes=\"auto, (max-width: 768px) 100vw, 768px\" \/><\/a><\/p>\n","protected":false},"excerpt":{"rendered":"<p>Aquest any hem tornat a ser presents a la Fira de Girona al sal\u00f3 de la formaci\u00f3 i l\u2019ocupaci\u00f3 de les comarques gironines, ExpoJove. El departament administratiu de l\u2019INS Cap Norfeu aquest dimecres 29 de mar\u00e7 hi ha estat tot el mat\u00ed, la fira estar\u00e0&hellip;  <a href=\"https:\/\/agora.xtec.cat\/iescapnorfeu\/general\/salo-expojove-2023\/\" title=\"Read SAL\u00d3 EXPOJOVE 2023\">Llegeix m\u00e9s\u00bb<\/a><\/p>\n","protected":false},"author":1,"featured_media":0,"comment_status":"open","ping_status":"closed","sticky":false,"template":"","format":"standard","meta":{"_bbp_topic_count":0,"_bbp_reply_count":0,"_bbp_total_topic_count":0,"_bbp_total_reply_count":0,"_bbp_voice_count":0,"_bbp_anonymous_reply_count":0,"_bbp_topic_count_hidden":0,"_bbp_reply_count_hidden":0,"_bbp_forum_subforum_count":0,"footnotes":""},"categories":[1,29],"tags":[],"class_list":["post-3122","post","type-post","status-publish","format-standard","hentry","category-general","category-portada"],"post_mailing_queue_ids":[],"_links":{"self":[{"href":"https:\/\/agora.xtec.cat\/iescapnorfeu\/wp-json\/wp\/v2\/posts\/3122","targetHints":{"allow":["GET"]}}],"collection":[{"href":"https:\/\/agora.xtec.cat\/iescapnorfeu\/wp-json\/wp\/v2\/posts"}],"about":[{"href":"https:\/\/agora.xtec.cat\/iescapnorfeu\/wp-json\/wp\/v2\/types\/post"}],"author":[{"embeddable":true,"href":"https:\/\/agora.xtec.cat\/iescapnorfeu\/wp-json\/wp\/v2\/users\/1"}],"replies":[{"embeddable":true,"href":"https:\/\/agora.xtec.cat\/iescapnorfeu\/wp-json\/wp\/v2\/comments?post=3122"}],"version-history":[{"count":4,"href":"https:\/\/agora.xtec.cat\/iescapnorfeu\/wp-json\/wp\/v2\/posts\/3122\/revisions"}],"predecessor-version":[{"id":3621,"href":"https:\/\/agora.xtec.cat\/iescapnorfeu\/wp-json\/wp\/v2\/posts\/3122\/revisions\/3621"}],"wp:attachment":[{"href":"https:\/\/agora.xtec.cat\/iescapnorfeu\/wp-json\/wp\/v2\/media?parent=3122"}],"wp:term":[{"taxonomy":"category","embeddable":true,"href":"https:\/\/agora.xtec.cat\/iescapnorfeu\/wp-json\/wp\/v2\/categories?post=3122"},{"taxonomy":"post_tag","embeddable":true,"href":"https:\/\/agora.xtec.cat\/iescapnorfeu\/wp-json\/wp\/v2\/tags?post=3122"}],"curies":[{"name":"wp","href":"https:\/\/api.w.org\/{rel}","templated":true}]}}