{"id":3115,"date":"2023-03-29T21:40:20","date_gmt":"2023-03-29T19:40:20","guid":{"rendered":"https:\/\/agora.xtec.cat\/iescapnorfeu\/?p=3115"},"modified":"2023-03-29T21:40:20","modified_gmt":"2023-03-29T19:40:20","slug":"xerrades-de-primers-auxilis-a-3r-deso","status":"publish","type":"post","link":"https:\/\/agora.xtec.cat\/iescapnorfeu\/general\/xerrades-de-primers-auxilis-a-3r-deso\/","title":{"rendered":"XERRADES DE PRIMERS AUXILIS A 3r D\u2019ESO"},"content":{"rendered":"<p style=\"text-align: justify;\">Els passats dilluns 27 i dimecres 29 de mar\u00e7, tots els alumnes de 3r d\u2019ESO van tenir la sort de poder assistir a les xerrades teoricopr\u00e0ctiques que voluntaris de la Creu Roja els van impartir amb el tema dels primers auxilis com a rerefons.<br \/>\nEn aquestes sessions es van tractar temes com el protocol PAS (protegir, avisar i soc\u00f3rrer ), la RCP (reanimaci\u00f3 cardiopulmonar), l\u2019\u00fas dels desfibril\u2022ladors i altres temes relacionats amb els primers auxilis.<br \/>\nM\u00e9s enll\u00e0 de les nocions b\u00e0siques de primers auxilis, les xerrades es van caracteritzar per inculcar el sentit com\u00fa que cal que tots nosaltres tinguem quan ens trobem en qualsevol situaci\u00f3 d&#8217;emerg\u00e8ncia: evitar l&#8217;efecte tafaner en un accident de tr\u00e0nsit, avisar sempre el 112 davant qualsevol situaci\u00f3 que creiem d&#8217;emerg\u00e8ncia, mirar de tranquil\u2022litzar-nos sempre nosaltres i tranquil\u2022litzar la v\u00edctima i, si no sabem com actuar, no fer res, avisar i deixar que siguin els t\u00e8cnics qui actu\u00efn.<br \/>\nEsperem i desitgem que tots plegats sapiguem qu\u00e8 cal fer en cas de necessitat.<\/p>\n<p><a href=\"https:\/\/agora.xtec.cat\/iescapnorfeu\/wp-content\/uploads\/usu2070\/2023\/03\/TallerPA.jpg\"><img loading=\"lazy\" decoding=\"async\" class=\"alignleft size-large wp-image-3118\" src=\"https:\/\/agora.xtec.cat\/iescapnorfeu\/wp-content\/uploads\/usu2070\/2023\/03\/TallerPA-1024x1024.jpg\" alt=\"\" width=\"1024\" height=\"1024\" srcset=\"https:\/\/agora.xtec.cat\/iescapnorfeu\/wp-content\/uploads\/usu2070\/2023\/03\/TallerPA-1024x1024.jpg 1024w, https:\/\/agora.xtec.cat\/iescapnorfeu\/wp-content\/uploads\/usu2070\/2023\/03\/TallerPA-300x300.jpg 300w, https:\/\/agora.xtec.cat\/iescapnorfeu\/wp-content\/uploads\/usu2070\/2023\/03\/TallerPA-150x150.jpg 150w, https:\/\/agora.xtec.cat\/iescapnorfeu\/wp-content\/uploads\/usu2070\/2023\/03\/TallerPA-768x768.jpg 768w, https:\/\/agora.xtec.cat\/iescapnorfeu\/wp-content\/uploads\/usu2070\/2023\/03\/TallerPA.jpg 1200w\" sizes=\"auto, (max-width: 1024px) 100vw, 1024px\" \/><\/a><\/p>\n","protected":false},"excerpt":{"rendered":"<p>Els passats dilluns 27 i dimecres 29 de mar\u00e7, tots els alumnes de 3r d\u2019ESO van tenir la sort de poder assistir a les xerrades teoricopr\u00e0ctiques que voluntaris de la Creu Roja els van impartir amb el tema dels primers auxilis com a rerefons.<br \/>\nEn aquestes&hellip;  <a href=\"https:\/\/agora.xtec.cat\/iescapnorfeu\/general\/xerrades-de-primers-auxilis-a-3r-deso\/\" title=\"Read XERRADES DE PRIMERS AUXILIS A 3r D\u2019ESO\">Llegeix m\u00e9s\u00bb<\/a><\/p>\n","protected":false},"author":1,"featured_media":0,"comment_status":"open","ping_status":"closed","sticky":false,"template":"","format":"standard","meta":{"_bbp_topic_count":0,"_bbp_reply_count":0,"_bbp_total_topic_count":0,"_bbp_total_reply_count":0,"_bbp_voice_count":0,"_bbp_anonymous_reply_count":0,"_bbp_topic_count_hidden":0,"_bbp_reply_count_hidden":0,"_bbp_forum_subforum_count":0,"footnotes":""},"categories":[1,29],"tags":[],"class_list":["post-3115","post","type-post","status-publish","format-standard","hentry","category-general","category-portada"],"post_mailing_queue_ids":[],"_links":{"self":[{"href":"https:\/\/agora.xtec.cat\/iescapnorfeu\/wp-json\/wp\/v2\/posts\/3115","targetHints":{"allow":["GET"]}}],"collection":[{"href":"https:\/\/agora.xtec.cat\/iescapnorfeu\/wp-json\/wp\/v2\/posts"}],"about":[{"href":"https:\/\/agora.xtec.cat\/iescapnorfeu\/wp-json\/wp\/v2\/types\/post"}],"author":[{"embeddable":true,"href":"https:\/\/agora.xtec.cat\/iescapnorfeu\/wp-json\/wp\/v2\/users\/1"}],"replies":[{"embeddable":true,"href":"https:\/\/agora.xtec.cat\/iescapnorfeu\/wp-json\/wp\/v2\/comments?post=3115"}],"version-history":[{"count":1,"href":"https:\/\/agora.xtec.cat\/iescapnorfeu\/wp-json\/wp\/v2\/posts\/3115\/revisions"}],"predecessor-version":[{"id":3119,"href":"https:\/\/agora.xtec.cat\/iescapnorfeu\/wp-json\/wp\/v2\/posts\/3115\/revisions\/3119"}],"wp:attachment":[{"href":"https:\/\/agora.xtec.cat\/iescapnorfeu\/wp-json\/wp\/v2\/media?parent=3115"}],"wp:term":[{"taxonomy":"category","embeddable":true,"href":"https:\/\/agora.xtec.cat\/iescapnorfeu\/wp-json\/wp\/v2\/categories?post=3115"},{"taxonomy":"post_tag","embeddable":true,"href":"https:\/\/agora.xtec.cat\/iescapnorfeu\/wp-json\/wp\/v2\/tags?post=3115"}],"curies":[{"name":"wp","href":"https:\/\/api.w.org\/{rel}","templated":true}]}}