{"id":3111,"date":"2023-03-27T21:25:40","date_gmt":"2023-03-27T19:25:40","guid":{"rendered":"https:\/\/agora.xtec.cat\/iescapnorfeu\/?p=3111"},"modified":"2023-03-27T21:26:03","modified_gmt":"2023-03-27T19:26:03","slug":"sortida-de-1r-deso-al-port-de-lescala","status":"publish","type":"post","link":"https:\/\/agora.xtec.cat\/iescapnorfeu\/general\/sortida-de-1r-deso-al-port-de-lescala\/","title":{"rendered":"SORTIDA DE 1r D&#8217;ESO AL PORT DE L&#8217;ESCALA"},"content":{"rendered":"<p style=\"text-align: justify;\">Aquest dilluns 27 de mar\u00e7 els alumnes de primer d\u2019ESO han anat al port de l\u2019Escala per aprendre m\u00e9s sobre la pesca, i aix\u00ed aconseguir elaborar el seu treball de s\u00edntesi.<\/p>\n<p style=\"text-align: justify;\">A m\u00e9s, tamb\u00e9 han experimentat el proc\u00e9s de conserva de les anxoves i s\u2019han emportat el seu propi pot com a obsequi de la sortida.<\/p>\n<p style=\"text-align: justify;\">Ha estat una sortida interessant i molt divertida valorant l\u2019entorn i la bellesa del mar !<\/p>\n<p><a href=\"https:\/\/agora.xtec.cat\/iescapnorfeu\/wp-content\/uploads\/usu2070\/2023\/03\/Escala1rESO.jpg\"><img loading=\"lazy\" decoding=\"async\" class=\"alignleft size-large wp-image-3112\" src=\"https:\/\/agora.xtec.cat\/iescapnorfeu\/wp-content\/uploads\/usu2070\/2023\/03\/Escala1rESO-1024x1024.jpg\" alt=\"\" width=\"1024\" height=\"1024\" srcset=\"https:\/\/agora.xtec.cat\/iescapnorfeu\/wp-content\/uploads\/usu2070\/2023\/03\/Escala1rESO-1024x1024.jpg 1024w, https:\/\/agora.xtec.cat\/iescapnorfeu\/wp-content\/uploads\/usu2070\/2023\/03\/Escala1rESO-300x300.jpg 300w, https:\/\/agora.xtec.cat\/iescapnorfeu\/wp-content\/uploads\/usu2070\/2023\/03\/Escala1rESO-150x150.jpg 150w, https:\/\/agora.xtec.cat\/iescapnorfeu\/wp-content\/uploads\/usu2070\/2023\/03\/Escala1rESO-768x768.jpg 768w, https:\/\/agora.xtec.cat\/iescapnorfeu\/wp-content\/uploads\/usu2070\/2023\/03\/Escala1rESO.jpg 1200w\" sizes=\"auto, (max-width: 1024px) 100vw, 1024px\" \/><\/a><\/p>\n","protected":false},"excerpt":{"rendered":"<p>Aquest dilluns 27 de mar\u00e7 els alumnes de primer d\u2019ESO han anat al port de l\u2019Escala per aprendre m\u00e9s sobre la pesca, i aix\u00ed aconseguir elaborar el seu treball de s\u00edntesi.<br \/>\nA m\u00e9s, tamb\u00e9 han experimentat el proc\u00e9s de conserva de les anxoves i s\u2019han emportat&hellip;  <a href=\"https:\/\/agora.xtec.cat\/iescapnorfeu\/general\/sortida-de-1r-deso-al-port-de-lescala\/\" title=\"Read SORTIDA DE 1r D&#8217;ESO AL PORT DE L&#8217;ESCALA\">Llegeix m\u00e9s\u00bb<\/a><\/p>\n","protected":false},"author":1,"featured_media":0,"comment_status":"open","ping_status":"closed","sticky":false,"template":"","format":"standard","meta":{"_bbp_topic_count":0,"_bbp_reply_count":0,"_bbp_total_topic_count":0,"_bbp_total_reply_count":0,"_bbp_voice_count":0,"_bbp_anonymous_reply_count":0,"_bbp_topic_count_hidden":0,"_bbp_reply_count_hidden":0,"_bbp_forum_subforum_count":0,"footnotes":""},"categories":[1,29],"tags":[],"class_list":["post-3111","post","type-post","status-publish","format-standard","hentry","category-general","category-portada"],"post_mailing_queue_ids":[],"_links":{"self":[{"href":"https:\/\/agora.xtec.cat\/iescapnorfeu\/wp-json\/wp\/v2\/posts\/3111","targetHints":{"allow":["GET"]}}],"collection":[{"href":"https:\/\/agora.xtec.cat\/iescapnorfeu\/wp-json\/wp\/v2\/posts"}],"about":[{"href":"https:\/\/agora.xtec.cat\/iescapnorfeu\/wp-json\/wp\/v2\/types\/post"}],"author":[{"embeddable":true,"href":"https:\/\/agora.xtec.cat\/iescapnorfeu\/wp-json\/wp\/v2\/users\/1"}],"replies":[{"embeddable":true,"href":"https:\/\/agora.xtec.cat\/iescapnorfeu\/wp-json\/wp\/v2\/comments?post=3111"}],"version-history":[{"count":2,"href":"https:\/\/agora.xtec.cat\/iescapnorfeu\/wp-json\/wp\/v2\/posts\/3111\/revisions"}],"predecessor-version":[{"id":3114,"href":"https:\/\/agora.xtec.cat\/iescapnorfeu\/wp-json\/wp\/v2\/posts\/3111\/revisions\/3114"}],"wp:attachment":[{"href":"https:\/\/agora.xtec.cat\/iescapnorfeu\/wp-json\/wp\/v2\/media?parent=3111"}],"wp:term":[{"taxonomy":"category","embeddable":true,"href":"https:\/\/agora.xtec.cat\/iescapnorfeu\/wp-json\/wp\/v2\/categories?post=3111"},{"taxonomy":"post_tag","embeddable":true,"href":"https:\/\/agora.xtec.cat\/iescapnorfeu\/wp-json\/wp\/v2\/tags?post=3111"}],"curies":[{"name":"wp","href":"https:\/\/api.w.org\/{rel}","templated":true}]}}