{"id":3107,"date":"2023-03-23T13:51:07","date_gmt":"2023-03-23T12:51:07","guid":{"rendered":"https:\/\/agora.xtec.cat\/iescapnorfeu\/?p=3107"},"modified":"2023-03-23T13:51:07","modified_gmt":"2023-03-23T12:51:07","slug":"iii-salo-dels-oficis-de-figueres","status":"publish","type":"post","link":"https:\/\/agora.xtec.cat\/iescapnorfeu\/general\/iii-salo-dels-oficis-de-figueres\/","title":{"rendered":"III SAL\u00d3 DELS OFICIS DE FIGUERES"},"content":{"rendered":"<p style=\"text-align: justify;\">El passat dimarts 21 de mar\u00e7 tot l&#8217;alumnat de 3r i 4t d&#8217;ESO va poder visitar el III Sal\u00f3 dels Oficis de Figueres i iniciar-se en el coneixement de les diverses formacions i professions presents a la nostra comarca.<br \/>\nLes empreses i els centres educatius que imparteixen formaci\u00f3 professional a l&#8217;Alt Empord\u00e0, a trav\u00e9s de tallers i activitats interactives, mostren les caracter\u00edstiques i sortides professionals de cada tipus d&#8217;estudi.<br \/>\nDestaquem la retrobada amb alguns dels nostres antics alumnes que en el seu moment van decidir triar la formaci\u00f3 professional com a cam\u00ed de futur, i l&#8217;alegria de saber que estan tenint molt d&#8217;\u00e8xit en la seva formaci\u00f3 i i el seu inici professional.<br \/>\nA m\u00e9s d&#8217;acompanyar gaireb\u00e9 200 estudiants com a visitants, el nostre institut tamb\u00e9 participa activament al Sal\u00f3 dels Oficis presentant el CFGM de Gesti\u00f3 Administrativa i el CFGS d&#8217;Administraci\u00f3 i Finances impartits al centre.<br \/>\nFinalment, felicitar a totes les empreses, centres i estudiants que fan possible aquest esdeveniment i destacar la bona organitzaci\u00f3 i la gran tasca realitzada per la Fundaci\u00f3 dels Oficis de l&#8217;Alt Empord\u00e0.<\/p>\n<p><a href=\"https:\/\/agora.xtec.cat\/iescapnorfeu\/wp-content\/uploads\/usu2070\/2023\/03\/1679497058524-scaled.jpg\"><img loading=\"lazy\" decoding=\"async\" class=\"alignleft size-large wp-image-3108\" src=\"https:\/\/agora.xtec.cat\/iescapnorfeu\/wp-content\/uploads\/usu2070\/2023\/03\/1679497058524-1024x819.jpg\" alt=\"\" width=\"1024\" height=\"819\" srcset=\"https:\/\/agora.xtec.cat\/iescapnorfeu\/wp-content\/uploads\/usu2070\/2023\/03\/1679497058524-1024x819.jpg 1024w, https:\/\/agora.xtec.cat\/iescapnorfeu\/wp-content\/uploads\/usu2070\/2023\/03\/1679497058524-300x240.jpg 300w, https:\/\/agora.xtec.cat\/iescapnorfeu\/wp-content\/uploads\/usu2070\/2023\/03\/1679497058524-768x614.jpg 768w, https:\/\/agora.xtec.cat\/iescapnorfeu\/wp-content\/uploads\/usu2070\/2023\/03\/1679497058524-1536x1229.jpg 1536w, https:\/\/agora.xtec.cat\/iescapnorfeu\/wp-content\/uploads\/usu2070\/2023\/03\/1679497058524-2048x1638.jpg 2048w\" sizes=\"auto, (max-width: 1024px) 100vw, 1024px\" \/><\/a> <a href=\"https:\/\/agora.xtec.cat\/iescapnorfeu\/wp-content\/uploads\/usu2070\/2023\/03\/1679497058560-scaled.jpg\"><img loading=\"lazy\" decoding=\"async\" class=\"alignleft size-large wp-image-3109\" src=\"https:\/\/agora.xtec.cat\/iescapnorfeu\/wp-content\/uploads\/usu2070\/2023\/03\/1679497058560-1024x819.jpg\" alt=\"\" width=\"1024\" height=\"819\" srcset=\"https:\/\/agora.xtec.cat\/iescapnorfeu\/wp-content\/uploads\/usu2070\/2023\/03\/1679497058560-1024x819.jpg 1024w, https:\/\/agora.xtec.cat\/iescapnorfeu\/wp-content\/uploads\/usu2070\/2023\/03\/1679497058560-300x240.jpg 300w, https:\/\/agora.xtec.cat\/iescapnorfeu\/wp-content\/uploads\/usu2070\/2023\/03\/1679497058560-768x614.jpg 768w, https:\/\/agora.xtec.cat\/iescapnorfeu\/wp-content\/uploads\/usu2070\/2023\/03\/1679497058560-1536x1229.jpg 1536w, https:\/\/agora.xtec.cat\/iescapnorfeu\/wp-content\/uploads\/usu2070\/2023\/03\/1679497058560-2048x1638.jpg 2048w\" sizes=\"auto, (max-width: 1024px) 100vw, 1024px\" \/><\/a><\/p>\n","protected":false},"excerpt":{"rendered":"<p>El passat dimarts 21 de mar\u00e7 tot l&#8217;alumnat de 3r i 4t d&#8217;ESO va poder visitar el III Sal\u00f3 dels Oficis de Figueres i iniciar-se en el coneixement de les diverses formacions i professions presents a la nostra comarca.<br \/>\nLes empreses i els centres educatius que&hellip;  <a href=\"https:\/\/agora.xtec.cat\/iescapnorfeu\/general\/iii-salo-dels-oficis-de-figueres\/\" title=\"Read III SAL\u00d3 DELS OFICIS DE FIGUERES\">Llegeix m\u00e9s\u00bb<\/a><\/p>\n","protected":false},"author":1,"featured_media":0,"comment_status":"open","ping_status":"closed","sticky":false,"template":"","format":"standard","meta":{"_bbp_topic_count":0,"_bbp_reply_count":0,"_bbp_total_topic_count":0,"_bbp_total_reply_count":0,"_bbp_voice_count":0,"_bbp_anonymous_reply_count":0,"_bbp_topic_count_hidden":0,"_bbp_reply_count_hidden":0,"_bbp_forum_subforum_count":0,"footnotes":""},"categories":[1,29],"tags":[],"class_list":["post-3107","post","type-post","status-publish","format-standard","hentry","category-general","category-portada"],"post_mailing_queue_ids":[],"_links":{"self":[{"href":"https:\/\/agora.xtec.cat\/iescapnorfeu\/wp-json\/wp\/v2\/posts\/3107","targetHints":{"allow":["GET"]}}],"collection":[{"href":"https:\/\/agora.xtec.cat\/iescapnorfeu\/wp-json\/wp\/v2\/posts"}],"about":[{"href":"https:\/\/agora.xtec.cat\/iescapnorfeu\/wp-json\/wp\/v2\/types\/post"}],"author":[{"embeddable":true,"href":"https:\/\/agora.xtec.cat\/iescapnorfeu\/wp-json\/wp\/v2\/users\/1"}],"replies":[{"embeddable":true,"href":"https:\/\/agora.xtec.cat\/iescapnorfeu\/wp-json\/wp\/v2\/comments?post=3107"}],"version-history":[{"count":1,"href":"https:\/\/agora.xtec.cat\/iescapnorfeu\/wp-json\/wp\/v2\/posts\/3107\/revisions"}],"predecessor-version":[{"id":3110,"href":"https:\/\/agora.xtec.cat\/iescapnorfeu\/wp-json\/wp\/v2\/posts\/3107\/revisions\/3110"}],"wp:attachment":[{"href":"https:\/\/agora.xtec.cat\/iescapnorfeu\/wp-json\/wp\/v2\/media?parent=3107"}],"wp:term":[{"taxonomy":"category","embeddable":true,"href":"https:\/\/agora.xtec.cat\/iescapnorfeu\/wp-json\/wp\/v2\/categories?post=3107"},{"taxonomy":"post_tag","embeddable":true,"href":"https:\/\/agora.xtec.cat\/iescapnorfeu\/wp-json\/wp\/v2\/tags?post=3107"}],"curies":[{"name":"wp","href":"https:\/\/api.w.org\/{rel}","templated":true}]}}