{"id":3102,"date":"2023-03-21T10:46:02","date_gmt":"2023-03-21T09:46:02","guid":{"rendered":"https:\/\/agora.xtec.cat\/iescapnorfeu\/?p=3102"},"modified":"2023-03-21T19:25:03","modified_gmt":"2023-03-21T18:25:03","slug":"certamen-de-lectura-en-veu-alta","status":"publish","type":"post","link":"https:\/\/agora.xtec.cat\/iescapnorfeu\/general\/certamen-de-lectura-en-veu-alta\/","title":{"rendered":"CERTAMEN DE LECTURA EN VEU ALTA"},"content":{"rendered":"<p style=\"text-align: justify;\">Avui els alumnes de 3r d&#8217;ESO, Irina Juanola, Berta Su\u00f1er i Daniel Stavytskyy, i les alumnes de 1r d&#8217;ESO Julia Lurska i Alexia Caragel, han representat el nostre Institut al Certamen Nacional Infantil i Juvenil de Lectura en Veu Alta organitzat per la Fundaci\u00f3 Enciclop\u00e8dia Catalana.<br \/>\nEls alumnes han llegit fragments del llibre que els pertocava segons la seva categoria davant del jurat i la resta d&#8217;alumnes dels instituts participants.<br \/>\nDes d&#8217;aqu\u00ed felicitem la Irina, la Berta, en Daniel, la Julia i l&#8217;Alexia perqu\u00e8 ho han fet molt b\u00e9!<\/p>\n<p><a href=\"https:\/\/agora.xtec.cat\/iescapnorfeu\/wp-content\/uploads\/usu2070\/2023\/03\/Lectura.jpg\"><img loading=\"lazy\" decoding=\"async\" class=\"alignleft size-large wp-image-3103\" src=\"https:\/\/agora.xtec.cat\/iescapnorfeu\/wp-content\/uploads\/usu2070\/2023\/03\/Lectura-1024x1024.jpg\" alt=\"\" width=\"1024\" height=\"1024\" srcset=\"https:\/\/agora.xtec.cat\/iescapnorfeu\/wp-content\/uploads\/usu2070\/2023\/03\/Lectura-1024x1024.jpg 1024w, https:\/\/agora.xtec.cat\/iescapnorfeu\/wp-content\/uploads\/usu2070\/2023\/03\/Lectura-300x300.jpg 300w, https:\/\/agora.xtec.cat\/iescapnorfeu\/wp-content\/uploads\/usu2070\/2023\/03\/Lectura-150x150.jpg 150w, https:\/\/agora.xtec.cat\/iescapnorfeu\/wp-content\/uploads\/usu2070\/2023\/03\/Lectura-768x768.jpg 768w, https:\/\/agora.xtec.cat\/iescapnorfeu\/wp-content\/uploads\/usu2070\/2023\/03\/Lectura.jpg 1200w\" sizes=\"auto, (max-width: 1024px) 100vw, 1024px\" \/><\/a><\/p>\n","protected":false},"excerpt":{"rendered":"<p>Avui els alumnes de 3r d&#8217;ESO, Irina Juanola, Berta Su\u00f1er i Daniel Stavytskyy, i les alumnes de 1r d&#8217;ESO Julia Lurska i Alexia Caragel, han representat el nostre Institut al Certamen Nacional Infantil i Juvenil de Lectura en Veu Alta organitzat per la Fundaci\u00f3 Enciclop\u00e8dia&hellip;  <a href=\"https:\/\/agora.xtec.cat\/iescapnorfeu\/general\/certamen-de-lectura-en-veu-alta\/\" title=\"Read CERTAMEN DE LECTURA EN VEU ALTA\">Llegeix m\u00e9s\u00bb<\/a><\/p>\n","protected":false},"author":1,"featured_media":0,"comment_status":"open","ping_status":"closed","sticky":false,"template":"","format":"standard","meta":{"_bbp_topic_count":0,"_bbp_reply_count":0,"_bbp_total_topic_count":0,"_bbp_total_reply_count":0,"_bbp_voice_count":0,"_bbp_anonymous_reply_count":0,"_bbp_topic_count_hidden":0,"_bbp_reply_count_hidden":0,"_bbp_forum_subforum_count":0,"footnotes":""},"categories":[1,29],"tags":[],"class_list":["post-3102","post","type-post","status-publish","format-standard","hentry","category-general","category-portada"],"post_mailing_queue_ids":[],"_links":{"self":[{"href":"https:\/\/agora.xtec.cat\/iescapnorfeu\/wp-json\/wp\/v2\/posts\/3102","targetHints":{"allow":["GET"]}}],"collection":[{"href":"https:\/\/agora.xtec.cat\/iescapnorfeu\/wp-json\/wp\/v2\/posts"}],"about":[{"href":"https:\/\/agora.xtec.cat\/iescapnorfeu\/wp-json\/wp\/v2\/types\/post"}],"author":[{"embeddable":true,"href":"https:\/\/agora.xtec.cat\/iescapnorfeu\/wp-json\/wp\/v2\/users\/1"}],"replies":[{"embeddable":true,"href":"https:\/\/agora.xtec.cat\/iescapnorfeu\/wp-json\/wp\/v2\/comments?post=3102"}],"version-history":[{"count":3,"href":"https:\/\/agora.xtec.cat\/iescapnorfeu\/wp-json\/wp\/v2\/posts\/3102\/revisions"}],"predecessor-version":[{"id":3106,"href":"https:\/\/agora.xtec.cat\/iescapnorfeu\/wp-json\/wp\/v2\/posts\/3102\/revisions\/3106"}],"wp:attachment":[{"href":"https:\/\/agora.xtec.cat\/iescapnorfeu\/wp-json\/wp\/v2\/media?parent=3102"}],"wp:term":[{"taxonomy":"category","embeddable":true,"href":"https:\/\/agora.xtec.cat\/iescapnorfeu\/wp-json\/wp\/v2\/categories?post=3102"},{"taxonomy":"post_tag","embeddable":true,"href":"https:\/\/agora.xtec.cat\/iescapnorfeu\/wp-json\/wp\/v2\/tags?post=3102"}],"curies":[{"name":"wp","href":"https:\/\/api.w.org\/{rel}","templated":true}]}}