{"id":3091,"date":"2023-03-16T08:47:12","date_gmt":"2023-03-16T07:47:12","guid":{"rendered":"https:\/\/agora.xtec.cat\/iescapnorfeu\/?p=3091"},"modified":"2023-03-16T08:48:03","modified_gmt":"2023-03-16T07:48:03","slug":"sortida-a-la-fageda-dels-alumnes-deconomia","status":"publish","type":"post","link":"https:\/\/agora.xtec.cat\/iescapnorfeu\/general\/sortida-a-la-fageda-dels-alumnes-deconomia\/","title":{"rendered":"SORTIDA A LA FAGEDA DELS ALUMNES D&#8217;ECONOMIA"},"content":{"rendered":"<p style=\"text-align: justify;\">El passat 2 de mar\u00e7, els alumnes d&#8217;economia de 4rt d&#8217;ESO i de 1r de Batxillerat vam fer una visita a la seu central de l&#8217;empresa cooperativa La Fageda. Aquesta empresa productora de iogurts i melmelades \u00e9s un referent internacional pel seu model de negoci particular: La Fageda no nom\u00e9s \u00e9s una empresa amb gran projecci\u00f3 al pa\u00eds sin\u00f3 que des dels seus or\u00edgens ha estat marcada per una voluntat de construir un projecte social: a trav\u00e9s de la creaci\u00f3 de llocs de treball, La Fageda t\u00e9 com a missi\u00f3 millorar la qualitat de vida i promoure la integraci\u00f3 social de persones amb risc d&#8217;exclusi\u00f3 social.<\/p>\n<p style=\"text-align: justify;\">Els alumnes que van participar a la sortida van poder comprovar de primera m\u00e0 que el projecte d&#8217;aquesta empresa t\u00e9 al nucli uns valors molt particulars en els dies que vivim: la persona com a centre i el treball digne i respectu\u00f3s com un element important del benestar i el desenvolupament personal. A m\u00e9s, vam poder apropar-nos a les fant\u00e0stiques (i molt carinyoses) vaques que s\u00f3n cuidades dia a dia pels treballadors de la Fageda i s\u00f3n tractades amb total respecte per a que d&#8217;elles en surti un producte de gran qualitat.<\/p>\n<p style=\"text-align: justify;\">Despr\u00e9s de la visita, vam poder gaudir del magn\u00edfic entorn de l&#8217;empresa que es troba al bell mig de La Fageda d&#8217;en Jord\u00e0, un dels boscos m\u00e9s emblem\u00e0tics de Catalunya i que es troba dins del Parc Natural de la Zona Volc\u00e0nica de la Garrotxa.<\/p>\n<p><a href=\"https:\/\/agora.xtec.cat\/iescapnorfeu\/wp-content\/uploads\/usu2070\/2023\/03\/Fageda.jpg\"><img loading=\"lazy\" decoding=\"async\" class=\"alignleft size-large wp-image-3092\" src=\"https:\/\/agora.xtec.cat\/iescapnorfeu\/wp-content\/uploads\/usu2070\/2023\/03\/Fageda-1024x1024.jpg\" alt=\"\" width=\"1024\" height=\"1024\" srcset=\"https:\/\/agora.xtec.cat\/iescapnorfeu\/wp-content\/uploads\/usu2070\/2023\/03\/Fageda-1024x1024.jpg 1024w, https:\/\/agora.xtec.cat\/iescapnorfeu\/wp-content\/uploads\/usu2070\/2023\/03\/Fageda-300x300.jpg 300w, https:\/\/agora.xtec.cat\/iescapnorfeu\/wp-content\/uploads\/usu2070\/2023\/03\/Fageda-150x150.jpg 150w, https:\/\/agora.xtec.cat\/iescapnorfeu\/wp-content\/uploads\/usu2070\/2023\/03\/Fageda-768x768.jpg 768w, https:\/\/agora.xtec.cat\/iescapnorfeu\/wp-content\/uploads\/usu2070\/2023\/03\/Fageda.jpg 1200w\" sizes=\"auto, (max-width: 1024px) 100vw, 1024px\" \/><\/a><\/p>\n","protected":false},"excerpt":{"rendered":"<p>El passat 2 de mar\u00e7, els alumnes d&#8217;economia de 4rt d&#8217;ESO i de 1r de Batxillerat vam fer una visita a la seu central de l&#8217;empresa cooperativa La Fageda. Aquesta empresa productora de iogurts i melmelades \u00e9s un referent internacional pel seu model de negoci&hellip;  <a href=\"https:\/\/agora.xtec.cat\/iescapnorfeu\/general\/sortida-a-la-fageda-dels-alumnes-deconomia\/\" title=\"Read SORTIDA A LA FAGEDA DELS ALUMNES D&#8217;ECONOMIA\">Llegeix m\u00e9s\u00bb<\/a><\/p>\n","protected":false},"author":1,"featured_media":0,"comment_status":"open","ping_status":"closed","sticky":false,"template":"","format":"standard","meta":{"_bbp_topic_count":0,"_bbp_reply_count":0,"_bbp_total_topic_count":0,"_bbp_total_reply_count":0,"_bbp_voice_count":0,"_bbp_anonymous_reply_count":0,"_bbp_topic_count_hidden":0,"_bbp_reply_count_hidden":0,"_bbp_forum_subforum_count":0,"footnotes":""},"categories":[1,29],"tags":[],"class_list":["post-3091","post","type-post","status-publish","format-standard","hentry","category-general","category-portada"],"post_mailing_queue_ids":[],"_links":{"self":[{"href":"https:\/\/agora.xtec.cat\/iescapnorfeu\/wp-json\/wp\/v2\/posts\/3091","targetHints":{"allow":["GET"]}}],"collection":[{"href":"https:\/\/agora.xtec.cat\/iescapnorfeu\/wp-json\/wp\/v2\/posts"}],"about":[{"href":"https:\/\/agora.xtec.cat\/iescapnorfeu\/wp-json\/wp\/v2\/types\/post"}],"author":[{"embeddable":true,"href":"https:\/\/agora.xtec.cat\/iescapnorfeu\/wp-json\/wp\/v2\/users\/1"}],"replies":[{"embeddable":true,"href":"https:\/\/agora.xtec.cat\/iescapnorfeu\/wp-json\/wp\/v2\/comments?post=3091"}],"version-history":[{"count":2,"href":"https:\/\/agora.xtec.cat\/iescapnorfeu\/wp-json\/wp\/v2\/posts\/3091\/revisions"}],"predecessor-version":[{"id":3094,"href":"https:\/\/agora.xtec.cat\/iescapnorfeu\/wp-json\/wp\/v2\/posts\/3091\/revisions\/3094"}],"wp:attachment":[{"href":"https:\/\/agora.xtec.cat\/iescapnorfeu\/wp-json\/wp\/v2\/media?parent=3091"}],"wp:term":[{"taxonomy":"category","embeddable":true,"href":"https:\/\/agora.xtec.cat\/iescapnorfeu\/wp-json\/wp\/v2\/categories?post=3091"},{"taxonomy":"post_tag","embeddable":true,"href":"https:\/\/agora.xtec.cat\/iescapnorfeu\/wp-json\/wp\/v2\/tags?post=3091"}],"curies":[{"name":"wp","href":"https:\/\/api.w.org\/{rel}","templated":true}]}}