{"id":3087,"date":"2023-03-15T15:32:51","date_gmt":"2023-03-15T14:32:51","guid":{"rendered":"https:\/\/agora.xtec.cat\/iescapnorfeu\/?p=3087"},"modified":"2023-03-15T15:33:17","modified_gmt":"2023-03-15T14:33:17","slug":"esquiada-a-andorra-dels-alumnes-de-3r-deso","status":"publish","type":"post","link":"https:\/\/agora.xtec.cat\/iescapnorfeu\/general\/esquiada-a-andorra-dels-alumnes-de-3r-deso\/","title":{"rendered":"ESQUIADA A ANDORRA DELS ALUMNES DE 3r D\u2019ESO"},"content":{"rendered":"<p style=\"text-align: justify;\">Els dies 8, 9 i 10 de mar\u00e7, 60 alumnes de 3r d\u2019ESO van fer una estada a Andorra gaudint d\u2019uns dies d\u2019esqu\u00ed a l\u2019Estaci\u00f3 de Pal-Arinsal. Tots ells van aprofitar els cursos d\u2019esqu\u00ed i esperem que aquest aprenentatge els hagi fet gaudir d\u2019aquest esport en companyia dels seus companys i companyes.<br \/>\nLa sortida no nom\u00e9s va ser esportiva, sin\u00f3 que els alumnes tamb\u00e9 van poder gaudir de les instal\u00b7lacions del centre termal Caldea, aix\u00ed com dels paisatges andorrans.<\/p>\n<p><a href=\"https:\/\/agora.xtec.cat\/iescapnorfeu\/wp-content\/uploads\/usu2070\/2023\/03\/Esquiada-3r-ESO-foto.jpg\"><img loading=\"lazy\" decoding=\"async\" class=\"alignleft size-large wp-image-3088\" src=\"https:\/\/agora.xtec.cat\/iescapnorfeu\/wp-content\/uploads\/usu2070\/2023\/03\/Esquiada-3r-ESO-foto-1024x466.jpg\" alt=\"\" width=\"1024\" height=\"466\" srcset=\"https:\/\/agora.xtec.cat\/iescapnorfeu\/wp-content\/uploads\/usu2070\/2023\/03\/Esquiada-3r-ESO-foto-1024x466.jpg 1024w, https:\/\/agora.xtec.cat\/iescapnorfeu\/wp-content\/uploads\/usu2070\/2023\/03\/Esquiada-3r-ESO-foto-300x136.jpg 300w, https:\/\/agora.xtec.cat\/iescapnorfeu\/wp-content\/uploads\/usu2070\/2023\/03\/Esquiada-3r-ESO-foto-768x349.jpg 768w, https:\/\/agora.xtec.cat\/iescapnorfeu\/wp-content\/uploads\/usu2070\/2023\/03\/Esquiada-3r-ESO-foto-1536x698.jpg 1536w, https:\/\/agora.xtec.cat\/iescapnorfeu\/wp-content\/uploads\/usu2070\/2023\/03\/Esquiada-3r-ESO-foto.jpg 2048w\" sizes=\"auto, (max-width: 1024px) 100vw, 1024px\" \/><\/a><\/p>\n","protected":false},"excerpt":{"rendered":"<p>Els dies 8, 9 i 10 de mar\u00e7, 60 alumnes de 3r d\u2019ESO van fer una estada a Andorra gaudint d\u2019uns dies d\u2019esqu\u00ed a l\u2019Estaci\u00f3 de Pal-Arinsal. Tots ells van aprofitar els cursos d\u2019esqu\u00ed i esperem que aquest aprenentatge els hagi fet gaudir d\u2019aquest esport&hellip;  <a href=\"https:\/\/agora.xtec.cat\/iescapnorfeu\/general\/esquiada-a-andorra-dels-alumnes-de-3r-deso\/\" title=\"Read ESQUIADA A ANDORRA DELS ALUMNES DE 3r D\u2019ESO\">Llegeix m\u00e9s\u00bb<\/a><\/p>\n","protected":false},"author":1,"featured_media":0,"comment_status":"open","ping_status":"closed","sticky":false,"template":"","format":"standard","meta":{"_bbp_topic_count":0,"_bbp_reply_count":0,"_bbp_total_topic_count":0,"_bbp_total_reply_count":0,"_bbp_voice_count":0,"_bbp_anonymous_reply_count":0,"_bbp_topic_count_hidden":0,"_bbp_reply_count_hidden":0,"_bbp_forum_subforum_count":0,"footnotes":""},"categories":[1,29],"tags":[],"class_list":["post-3087","post","type-post","status-publish","format-standard","hentry","category-general","category-portada"],"post_mailing_queue_ids":[],"_links":{"self":[{"href":"https:\/\/agora.xtec.cat\/iescapnorfeu\/wp-json\/wp\/v2\/posts\/3087","targetHints":{"allow":["GET"]}}],"collection":[{"href":"https:\/\/agora.xtec.cat\/iescapnorfeu\/wp-json\/wp\/v2\/posts"}],"about":[{"href":"https:\/\/agora.xtec.cat\/iescapnorfeu\/wp-json\/wp\/v2\/types\/post"}],"author":[{"embeddable":true,"href":"https:\/\/agora.xtec.cat\/iescapnorfeu\/wp-json\/wp\/v2\/users\/1"}],"replies":[{"embeddable":true,"href":"https:\/\/agora.xtec.cat\/iescapnorfeu\/wp-json\/wp\/v2\/comments?post=3087"}],"version-history":[{"count":2,"href":"https:\/\/agora.xtec.cat\/iescapnorfeu\/wp-json\/wp\/v2\/posts\/3087\/revisions"}],"predecessor-version":[{"id":3090,"href":"https:\/\/agora.xtec.cat\/iescapnorfeu\/wp-json\/wp\/v2\/posts\/3087\/revisions\/3090"}],"wp:attachment":[{"href":"https:\/\/agora.xtec.cat\/iescapnorfeu\/wp-json\/wp\/v2\/media?parent=3087"}],"wp:term":[{"taxonomy":"category","embeddable":true,"href":"https:\/\/agora.xtec.cat\/iescapnorfeu\/wp-json\/wp\/v2\/categories?post=3087"},{"taxonomy":"post_tag","embeddable":true,"href":"https:\/\/agora.xtec.cat\/iescapnorfeu\/wp-json\/wp\/v2\/tags?post=3087"}],"curies":[{"name":"wp","href":"https:\/\/api.w.org\/{rel}","templated":true}]}}