{"id":3084,"date":"2023-03-12T17:06:23","date_gmt":"2023-03-12T16:06:23","guid":{"rendered":"https:\/\/agora.xtec.cat\/iescapnorfeu\/?p=3084"},"modified":"2023-03-12T17:06:23","modified_gmt":"2023-03-12T16:06:23","slug":"camp-daprenentatge-de-frances-2023","status":"publish","type":"post","link":"https:\/\/agora.xtec.cat\/iescapnorfeu\/general\/camp-daprenentatge-de-frances-2023\/","title":{"rendered":"CAMP D&#8217;APRENENTATGE DE FRANC\u00c8S 2023"},"content":{"rendered":"<p>Els dies 9 i 10 de mar\u00e7 alguns alumnes de segon d\u2019ESO van viure una experi\u00e8ncia ling\u00fc\u00edstica a la zona del Canig\u00f3 de Fran\u00e7a.<\/p>\n<p>Van ser dos dies intensos amb tot un seguit d\u2019activitats amb l\u2019objectiu primordial de practicar la llengua francesa.<\/p>\n<p>El primer dia van visitar el centre de Perpiny\u00e0 i el segon van anar a Villefranche du Conflent tot visitant els llocs m\u00e9s emblem\u00e0tics.<\/p>\n<p><a href=\"https:\/\/agora.xtec.cat\/iescapnorfeu\/wp-content\/uploads\/usu2070\/2023\/03\/Canigo.jpg\"><img loading=\"lazy\" decoding=\"async\" class=\"alignleft size-large wp-image-3085\" src=\"https:\/\/agora.xtec.cat\/iescapnorfeu\/wp-content\/uploads\/usu2070\/2023\/03\/Canigo-1024x1024.jpg\" alt=\"\" width=\"1024\" height=\"1024\" srcset=\"https:\/\/agora.xtec.cat\/iescapnorfeu\/wp-content\/uploads\/usu2070\/2023\/03\/Canigo-1024x1024.jpg 1024w, https:\/\/agora.xtec.cat\/iescapnorfeu\/wp-content\/uploads\/usu2070\/2023\/03\/Canigo-300x300.jpg 300w, https:\/\/agora.xtec.cat\/iescapnorfeu\/wp-content\/uploads\/usu2070\/2023\/03\/Canigo-150x150.jpg 150w, https:\/\/agora.xtec.cat\/iescapnorfeu\/wp-content\/uploads\/usu2070\/2023\/03\/Canigo-768x768.jpg 768w, https:\/\/agora.xtec.cat\/iescapnorfeu\/wp-content\/uploads\/usu2070\/2023\/03\/Canigo.jpg 1200w\" sizes=\"auto, (max-width: 1024px) 100vw, 1024px\" \/><\/a><\/p>\n","protected":false},"excerpt":{"rendered":"<p>Els dies 9 i 10 de mar\u00e7 alguns alumnes de segon d\u2019ESO van viure una experi\u00e8ncia ling\u00fc\u00edstica a la zona del Canig\u00f3 de Fran\u00e7a.<br \/>\nVan ser dos dies intensos amb tot un seguit d\u2019activitats amb l\u2019objectiu primordial de practicar la llengua francesa.<br \/>\nEl primer dia van visitar&hellip;  <a href=\"https:\/\/agora.xtec.cat\/iescapnorfeu\/general\/camp-daprenentatge-de-frances-2023\/\" title=\"Read CAMP D&#8217;APRENENTATGE DE FRANC\u00c8S 2023\">Llegeix m\u00e9s\u00bb<\/a><\/p>\n","protected":false},"author":1,"featured_media":0,"comment_status":"open","ping_status":"closed","sticky":false,"template":"","format":"standard","meta":{"_bbp_topic_count":0,"_bbp_reply_count":0,"_bbp_total_topic_count":0,"_bbp_total_reply_count":0,"_bbp_voice_count":0,"_bbp_anonymous_reply_count":0,"_bbp_topic_count_hidden":0,"_bbp_reply_count_hidden":0,"_bbp_forum_subforum_count":0,"footnotes":""},"categories":[1,29],"tags":[],"class_list":["post-3084","post","type-post","status-publish","format-standard","hentry","category-general","category-portada"],"post_mailing_queue_ids":[],"_links":{"self":[{"href":"https:\/\/agora.xtec.cat\/iescapnorfeu\/wp-json\/wp\/v2\/posts\/3084","targetHints":{"allow":["GET"]}}],"collection":[{"href":"https:\/\/agora.xtec.cat\/iescapnorfeu\/wp-json\/wp\/v2\/posts"}],"about":[{"href":"https:\/\/agora.xtec.cat\/iescapnorfeu\/wp-json\/wp\/v2\/types\/post"}],"author":[{"embeddable":true,"href":"https:\/\/agora.xtec.cat\/iescapnorfeu\/wp-json\/wp\/v2\/users\/1"}],"replies":[{"embeddable":true,"href":"https:\/\/agora.xtec.cat\/iescapnorfeu\/wp-json\/wp\/v2\/comments?post=3084"}],"version-history":[{"count":1,"href":"https:\/\/agora.xtec.cat\/iescapnorfeu\/wp-json\/wp\/v2\/posts\/3084\/revisions"}],"predecessor-version":[{"id":3086,"href":"https:\/\/agora.xtec.cat\/iescapnorfeu\/wp-json\/wp\/v2\/posts\/3084\/revisions\/3086"}],"wp:attachment":[{"href":"https:\/\/agora.xtec.cat\/iescapnorfeu\/wp-json\/wp\/v2\/media?parent=3084"}],"wp:term":[{"taxonomy":"category","embeddable":true,"href":"https:\/\/agora.xtec.cat\/iescapnorfeu\/wp-json\/wp\/v2\/categories?post=3084"},{"taxonomy":"post_tag","embeddable":true,"href":"https:\/\/agora.xtec.cat\/iescapnorfeu\/wp-json\/wp\/v2\/tags?post=3084"}],"curies":[{"name":"wp","href":"https:\/\/api.w.org\/{rel}","templated":true}]}}