{"id":3077,"date":"2023-03-06T20:46:50","date_gmt":"2023-03-06T19:46:50","guid":{"rendered":"https:\/\/agora.xtec.cat\/iescapnorfeu\/?p=3077"},"modified":"2023-03-06T20:49:41","modified_gmt":"2023-03-06T19:49:41","slug":"intercanvi-linguistic-a-irlanda","status":"publish","type":"post","link":"https:\/\/agora.xtec.cat\/iescapnorfeu\/general\/intercanvi-linguistic-a-irlanda\/","title":{"rendered":"INTERCANVI LING\u00dc\u00cdSTIC A IRLANDA"},"content":{"rendered":"<p style=\"text-align: justify;\">Un grup d&#8217;estudiants de 1r de Batxillerat ha viatjat a Dubl\u00edn per fer una estada ling\u00fc\u00edstica que els serveixi per millorar el seu angl\u00e8s i a la vegada viure una rica experi\u00e8ncia educativa i cultural.<\/p>\n<p style=\"text-align: justify;\">El grup va sortir diumenge 5 de mar\u00e7 i passar\u00e0 una setmana a la capital irlandesa, on els alumnes s&#8217;allotgen amb fam\u00edlies per tal de fer l&#8217;experi\u00e8ncia ling\u00fc\u00edstica encara m\u00e9s completa.<\/p>\n<p><a href=\"https:\/\/agora.xtec.cat\/iescapnorfeu\/wp-content\/uploads\/usu2070\/2023\/03\/Irlanda.jpg\"><img loading=\"lazy\" decoding=\"async\" class=\"alignleft size-large wp-image-3078\" src=\"https:\/\/agora.xtec.cat\/iescapnorfeu\/wp-content\/uploads\/usu2070\/2023\/03\/Irlanda-1024x1024.jpg\" alt=\"\" width=\"1024\" height=\"1024\" srcset=\"https:\/\/agora.xtec.cat\/iescapnorfeu\/wp-content\/uploads\/usu2070\/2023\/03\/Irlanda-1024x1024.jpg 1024w, https:\/\/agora.xtec.cat\/iescapnorfeu\/wp-content\/uploads\/usu2070\/2023\/03\/Irlanda-300x300.jpg 300w, https:\/\/agora.xtec.cat\/iescapnorfeu\/wp-content\/uploads\/usu2070\/2023\/03\/Irlanda-150x150.jpg 150w, https:\/\/agora.xtec.cat\/iescapnorfeu\/wp-content\/uploads\/usu2070\/2023\/03\/Irlanda-768x768.jpg 768w, https:\/\/agora.xtec.cat\/iescapnorfeu\/wp-content\/uploads\/usu2070\/2023\/03\/Irlanda.jpg 1200w\" sizes=\"auto, (max-width: 1024px) 100vw, 1024px\" \/><\/a><\/p>\n","protected":false},"excerpt":{"rendered":"<p>Un grup d&#8217;estudiants de 1r de Batxillerat ha viatjat a Dubl\u00edn per fer una estada ling\u00fc\u00edstica que els serveixi per millorar el seu angl\u00e8s i a la vegada viure una rica experi\u00e8ncia educativa i cultural.<br \/>\nEl grup va sortir diumenge 5 de mar\u00e7 i passar\u00e0 una&hellip;  <a href=\"https:\/\/agora.xtec.cat\/iescapnorfeu\/general\/intercanvi-linguistic-a-irlanda\/\" title=\"Read INTERCANVI LING\u00dc\u00cdSTIC A IRLANDA\">Llegeix m\u00e9s\u00bb<\/a><\/p>\n","protected":false},"author":1,"featured_media":0,"comment_status":"open","ping_status":"closed","sticky":false,"template":"","format":"standard","meta":{"_bbp_topic_count":0,"_bbp_reply_count":0,"_bbp_total_topic_count":0,"_bbp_total_reply_count":0,"_bbp_voice_count":0,"_bbp_anonymous_reply_count":0,"_bbp_topic_count_hidden":0,"_bbp_reply_count_hidden":0,"_bbp_forum_subforum_count":0,"footnotes":""},"categories":[1,29],"tags":[],"class_list":["post-3077","post","type-post","status-publish","format-standard","hentry","category-general","category-portada"],"post_mailing_queue_ids":[],"_links":{"self":[{"href":"https:\/\/agora.xtec.cat\/iescapnorfeu\/wp-json\/wp\/v2\/posts\/3077","targetHints":{"allow":["GET"]}}],"collection":[{"href":"https:\/\/agora.xtec.cat\/iescapnorfeu\/wp-json\/wp\/v2\/posts"}],"about":[{"href":"https:\/\/agora.xtec.cat\/iescapnorfeu\/wp-json\/wp\/v2\/types\/post"}],"author":[{"embeddable":true,"href":"https:\/\/agora.xtec.cat\/iescapnorfeu\/wp-json\/wp\/v2\/users\/1"}],"replies":[{"embeddable":true,"href":"https:\/\/agora.xtec.cat\/iescapnorfeu\/wp-json\/wp\/v2\/comments?post=3077"}],"version-history":[{"count":3,"href":"https:\/\/agora.xtec.cat\/iescapnorfeu\/wp-json\/wp\/v2\/posts\/3077\/revisions"}],"predecessor-version":[{"id":3083,"href":"https:\/\/agora.xtec.cat\/iescapnorfeu\/wp-json\/wp\/v2\/posts\/3077\/revisions\/3083"}],"wp:attachment":[{"href":"https:\/\/agora.xtec.cat\/iescapnorfeu\/wp-json\/wp\/v2\/media?parent=3077"}],"wp:term":[{"taxonomy":"category","embeddable":true,"href":"https:\/\/agora.xtec.cat\/iescapnorfeu\/wp-json\/wp\/v2\/categories?post=3077"},{"taxonomy":"post_tag","embeddable":true,"href":"https:\/\/agora.xtec.cat\/iescapnorfeu\/wp-json\/wp\/v2\/tags?post=3077"}],"curies":[{"name":"wp","href":"https:\/\/api.w.org\/{rel}","templated":true}]}}