{"id":3049,"date":"2023-02-24T15:31:45","date_gmt":"2023-02-24T14:31:45","guid":{"rendered":"https:\/\/agora.xtec.cat\/iescapnorfeu\/?p=3049"},"modified":"2023-02-24T15:31:45","modified_gmt":"2023-02-24T14:31:45","slug":"sortida-2n-deso-a-sant-pere-de-rodes","status":"publish","type":"post","link":"https:\/\/agora.xtec.cat\/iescapnorfeu\/general\/sortida-2n-deso-a-sant-pere-de-rodes\/","title":{"rendered":"SORTIDA 2n D&#8217;ESO A SANT PERE DE RODES"},"content":{"rendered":"<p style=\"text-align: justify;\">El passat dijous 16 de febrer, el Departament de Ci\u00e8ncies Socials conjuntament amb el Departament d&#8217;Educaci\u00f3 Visual i Pl\u00e0stica va organitzar una sortida amb els alumnes de 2n ESO per visitar el conjunt monumental de Sant Pere de Rodes (Castell de Verdera, Monestir de Sant Pere de Rodes i poblat de Santa Creu). L&#8217;objectiu de la jornada era con\u00e8ixer el m\u00f3n medieval del seu entorn m\u00e9s proper.<br \/>\nEls alumnes van comen\u00e7ar a apropar-se a l&#8217;entorn fent un dibuix cooperatiu de 360\u00ba. Tot seguit, van fer un joc de rol on cada alumne desenvolupava un paper (noble, monjo o poble). I per fer el tancament del dia, varen realitzar una teatralitzaci\u00f3 de la vida de tres dones fascinats (Ermessenda, Na mercadera i Joana d&#8217;Emp\u00faries).<\/p>\n<p style=\"text-align: justify;\">Va ser una jornada molt divertida, plena d&#8217;aventures i on els nostres alumnes van poder experimentar com era la vida a l&#8217;Edat Mitjana.<\/p>\n<p><a href=\"https:\/\/agora.xtec.cat\/iescapnorfeu\/wp-content\/uploads\/usu2070\/2023\/02\/Sant-Pere.jpg\"><img loading=\"lazy\" decoding=\"async\" class=\"alignleft size-large wp-image-3050\" src=\"https:\/\/agora.xtec.cat\/iescapnorfeu\/wp-content\/uploads\/usu2070\/2023\/02\/Sant-Pere-1024x1024.jpg\" alt=\"\" width=\"1024\" height=\"1024\" srcset=\"https:\/\/agora.xtec.cat\/iescapnorfeu\/wp-content\/uploads\/usu2070\/2023\/02\/Sant-Pere-1024x1024.jpg 1024w, https:\/\/agora.xtec.cat\/iescapnorfeu\/wp-content\/uploads\/usu2070\/2023\/02\/Sant-Pere-300x300.jpg 300w, https:\/\/agora.xtec.cat\/iescapnorfeu\/wp-content\/uploads\/usu2070\/2023\/02\/Sant-Pere-150x150.jpg 150w, https:\/\/agora.xtec.cat\/iescapnorfeu\/wp-content\/uploads\/usu2070\/2023\/02\/Sant-Pere-768x768.jpg 768w, https:\/\/agora.xtec.cat\/iescapnorfeu\/wp-content\/uploads\/usu2070\/2023\/02\/Sant-Pere.jpg 1200w\" sizes=\"auto, (max-width: 1024px) 100vw, 1024px\" \/><\/a><\/p>\n","protected":false},"excerpt":{"rendered":"<p>El passat dijous 16 de febrer, el Departament de Ci\u00e8ncies Socials conjuntament amb el Departament d&#8217;Educaci\u00f3 Visual i Pl\u00e0stica va organitzar una sortida amb els alumnes de 2n ESO per visitar el conjunt monumental de Sant Pere de Rodes (Castell de Verdera, Monestir de Sant&hellip;  <a href=\"https:\/\/agora.xtec.cat\/iescapnorfeu\/general\/sortida-2n-deso-a-sant-pere-de-rodes\/\" title=\"Read SORTIDA 2n D&#8217;ESO A SANT PERE DE RODES\">Llegeix m\u00e9s\u00bb<\/a><\/p>\n","protected":false},"author":1,"featured_media":0,"comment_status":"open","ping_status":"closed","sticky":false,"template":"","format":"standard","meta":{"_bbp_topic_count":0,"_bbp_reply_count":0,"_bbp_total_topic_count":0,"_bbp_total_reply_count":0,"_bbp_voice_count":0,"_bbp_anonymous_reply_count":0,"_bbp_topic_count_hidden":0,"_bbp_reply_count_hidden":0,"_bbp_forum_subforum_count":0,"footnotes":""},"categories":[1,29],"tags":[],"class_list":["post-3049","post","type-post","status-publish","format-standard","hentry","category-general","category-portada"],"post_mailing_queue_ids":[],"_links":{"self":[{"href":"https:\/\/agora.xtec.cat\/iescapnorfeu\/wp-json\/wp\/v2\/posts\/3049","targetHints":{"allow":["GET"]}}],"collection":[{"href":"https:\/\/agora.xtec.cat\/iescapnorfeu\/wp-json\/wp\/v2\/posts"}],"about":[{"href":"https:\/\/agora.xtec.cat\/iescapnorfeu\/wp-json\/wp\/v2\/types\/post"}],"author":[{"embeddable":true,"href":"https:\/\/agora.xtec.cat\/iescapnorfeu\/wp-json\/wp\/v2\/users\/1"}],"replies":[{"embeddable":true,"href":"https:\/\/agora.xtec.cat\/iescapnorfeu\/wp-json\/wp\/v2\/comments?post=3049"}],"version-history":[{"count":1,"href":"https:\/\/agora.xtec.cat\/iescapnorfeu\/wp-json\/wp\/v2\/posts\/3049\/revisions"}],"predecessor-version":[{"id":3051,"href":"https:\/\/agora.xtec.cat\/iescapnorfeu\/wp-json\/wp\/v2\/posts\/3049\/revisions\/3051"}],"wp:attachment":[{"href":"https:\/\/agora.xtec.cat\/iescapnorfeu\/wp-json\/wp\/v2\/media?parent=3049"}],"wp:term":[{"taxonomy":"category","embeddable":true,"href":"https:\/\/agora.xtec.cat\/iescapnorfeu\/wp-json\/wp\/v2\/categories?post=3049"},{"taxonomy":"post_tag","embeddable":true,"href":"https:\/\/agora.xtec.cat\/iescapnorfeu\/wp-json\/wp\/v2\/tags?post=3049"}],"curies":[{"name":"wp","href":"https:\/\/api.w.org\/{rel}","templated":true}]}}