{"id":3007,"date":"2023-01-26T19:24:25","date_gmt":"2023-01-26T18:24:25","guid":{"rendered":"https:\/\/agora.xtec.cat\/iescapnorfeu\/?p=3007"},"modified":"2023-01-30T18:45:42","modified_gmt":"2023-01-30T17:45:42","slug":"conscienciacio-sobre-els-accidents-de-transit","status":"publish","type":"post","link":"https:\/\/agora.xtec.cat\/iescapnorfeu\/general\/conscienciacio-sobre-els-accidents-de-transit\/","title":{"rendered":"CONSCIENCIACI\u00d3 SOBRE ELS ACCIDENTS DE TR\u00c0NSIT"},"content":{"rendered":"<p style=\"text-align: justify;\">Les xerrades van tenir lloc els dies 17 i 24 de gener i van anar a c\u00e0rrec del Sr. Narc\u00eds Heras, del Departament de Benestar Social de l&#8217;Ajuntament de Roses, i del Sr. Jordi Morales, de l\u2019Associaci\u00f3 de Prevenci\u00f3 d&#8217;Accidents de Tr\u00e0nsit. El Sr. Morales, molt amablement, va fer part\u00edcips els alumnes de 3r d&#8217;ESO de la seva pr\u00f2pia experi\u00e8ncia, ja que va ser v\u00edctima d&#8217;un accident de tr\u00e0nsit per culpa d\u2019un conductor que anava sota els efectes de l&#8217;alcohol. Aquest trist accident va tenir com a conseq\u00fc\u00e8ncia que, des de llavors, s&#8217;hagi de despla\u00e7ar en cadira de rodes, i va explicar als alumnes com \u00e9s la seva vida des d\u2019aquell fat\u00eddic moment.<\/p>\n<p style=\"text-align: justify;\">Des del nostre Institut volem agrair als ponents la seva visita i que hagin compartit amb nosaltres les seves experi\u00e8ncies.<\/p>\n<p><a href=\"https:\/\/agora.xtec.cat\/iescapnorfeu\/wp-content\/uploads\/usu2070\/2023\/01\/20230117_103732-1-scaled.jpg\"><img loading=\"lazy\" decoding=\"async\" class=\"alignleft size-large wp-image-3008\" src=\"https:\/\/agora.xtec.cat\/iescapnorfeu\/wp-content\/uploads\/usu2070\/2023\/01\/20230117_103732-1-1024x768.jpg\" alt=\"\" width=\"1024\" height=\"768\" srcset=\"https:\/\/agora.xtec.cat\/iescapnorfeu\/wp-content\/uploads\/usu2070\/2023\/01\/20230117_103732-1-1024x768.jpg 1024w, https:\/\/agora.xtec.cat\/iescapnorfeu\/wp-content\/uploads\/usu2070\/2023\/01\/20230117_103732-1-300x225.jpg 300w, https:\/\/agora.xtec.cat\/iescapnorfeu\/wp-content\/uploads\/usu2070\/2023\/01\/20230117_103732-1-768x576.jpg 768w, https:\/\/agora.xtec.cat\/iescapnorfeu\/wp-content\/uploads\/usu2070\/2023\/01\/20230117_103732-1-1536x1152.jpg 1536w, https:\/\/agora.xtec.cat\/iescapnorfeu\/wp-content\/uploads\/usu2070\/2023\/01\/20230117_103732-1-2048x1536.jpg 2048w, https:\/\/agora.xtec.cat\/iescapnorfeu\/wp-content\/uploads\/usu2070\/2023\/01\/20230117_103732-1-200x150.jpg 200w\" sizes=\"auto, (max-width: 1024px) 100vw, 1024px\" \/><\/a><\/p>\n","protected":false},"excerpt":{"rendered":"<p>Les xerrades van tenir lloc els dies 17 i 24 de gener i van anar a c\u00e0rrec del Sr. Narc\u00eds Heras, del Departament de Benestar Social de l&#8217;Ajuntament de Roses, i del Sr. Jordi Morales, de l\u2019Associaci\u00f3 de Prevenci\u00f3 d&#8217;Accidents de Tr\u00e0nsit. El Sr. Morales,&hellip;  <a href=\"https:\/\/agora.xtec.cat\/iescapnorfeu\/general\/conscienciacio-sobre-els-accidents-de-transit\/\" title=\"Read CONSCIENCIACI\u00d3 SOBRE ELS ACCIDENTS DE TR\u00c0NSIT\">Llegeix m\u00e9s\u00bb<\/a><\/p>\n","protected":false},"author":1,"featured_media":0,"comment_status":"open","ping_status":"closed","sticky":false,"template":"","format":"standard","meta":{"_bbp_topic_count":0,"_bbp_reply_count":0,"_bbp_total_topic_count":0,"_bbp_total_reply_count":0,"_bbp_voice_count":0,"_bbp_anonymous_reply_count":0,"_bbp_topic_count_hidden":0,"_bbp_reply_count_hidden":0,"_bbp_forum_subforum_count":0,"footnotes":""},"categories":[1,29],"tags":[],"class_list":["post-3007","post","type-post","status-publish","format-standard","hentry","category-general","category-portada"],"post_mailing_queue_ids":[],"_links":{"self":[{"href":"https:\/\/agora.xtec.cat\/iescapnorfeu\/wp-json\/wp\/v2\/posts\/3007","targetHints":{"allow":["GET"]}}],"collection":[{"href":"https:\/\/agora.xtec.cat\/iescapnorfeu\/wp-json\/wp\/v2\/posts"}],"about":[{"href":"https:\/\/agora.xtec.cat\/iescapnorfeu\/wp-json\/wp\/v2\/types\/post"}],"author":[{"embeddable":true,"href":"https:\/\/agora.xtec.cat\/iescapnorfeu\/wp-json\/wp\/v2\/users\/1"}],"replies":[{"embeddable":true,"href":"https:\/\/agora.xtec.cat\/iescapnorfeu\/wp-json\/wp\/v2\/comments?post=3007"}],"version-history":[{"count":2,"href":"https:\/\/agora.xtec.cat\/iescapnorfeu\/wp-json\/wp\/v2\/posts\/3007\/revisions"}],"predecessor-version":[{"id":3010,"href":"https:\/\/agora.xtec.cat\/iescapnorfeu\/wp-json\/wp\/v2\/posts\/3007\/revisions\/3010"}],"wp:attachment":[{"href":"https:\/\/agora.xtec.cat\/iescapnorfeu\/wp-json\/wp\/v2\/media?parent=3007"}],"wp:term":[{"taxonomy":"category","embeddable":true,"href":"https:\/\/agora.xtec.cat\/iescapnorfeu\/wp-json\/wp\/v2\/categories?post=3007"},{"taxonomy":"post_tag","embeddable":true,"href":"https:\/\/agora.xtec.cat\/iescapnorfeu\/wp-json\/wp\/v2\/tags?post=3007"}],"curies":[{"name":"wp","href":"https:\/\/api.w.org\/{rel}","templated":true}]}}