{"id":2988,"date":"2023-01-10T19:10:07","date_gmt":"2023-01-10T18:10:07","guid":{"rendered":"https:\/\/agora.xtec.cat\/iescapnorfeu\/?p=2988"},"modified":"2023-01-11T19:34:46","modified_gmt":"2023-01-11T18:34:46","slug":"sortida-a-lescala-dels-alumnes-de-2n-de-batxillerat","status":"publish","type":"post","link":"https:\/\/agora.xtec.cat\/iescapnorfeu\/general\/sortida-a-lescala-dels-alumnes-de-2n-de-batxillerat\/","title":{"rendered":"SORTIDA A L&#8217;ESCALA DELS ALUMNES DE 2N DE BATXILLERAT"},"content":{"rendered":"<p style=\"text-align: justify;\">El passat 14 de desembre, els alumnes de segon de Batxillerat van anar a l\u2019Escala a fer la Ruta <em>V\u00edctor Catal\u00e0<\/em>. Els alumnes van poder con\u00e8ixer amb m\u00e9s profunditat la figura de l\u2019escriptora escalenca Caterina Albert, m\u00e9s coneguda amb el pseud\u00f2nim de <em>V\u00edctor Catal\u00e0<\/em>, a trav\u00e9s de la visita que van fer al museu Alfol\u00ed de la sal de l\u2019Escala. Una guia va explicar als alumnes la vida i obra de l\u2019escriptora tot mostrant-los fotografies de l\u2019autora i de la seva fam\u00edlia. Tot seguit, van veure nom\u00e9s per fora la casa museu Clos del Pastor, que pertanyia a Caterina Albert, ja que estava en obres i no van poder visitar el seu magn\u00edfic jard\u00ed modernista. Finalment, van visitar l\u2019antic cementiri de l\u2019Escala on va ser enterrada l\u2019autora.<br \/>\nVa ser una visita guiada molt interessant, que va agradar molt els nostres alumnes i els va permetre con\u00e8ixer la figura d\u2019aquesta gran escriptora empordanesa.<\/p>\n<p><a href=\"https:\/\/agora.xtec.cat\/iescapnorfeu\/wp-content\/uploads\/usu2070\/2023\/01\/IMG-20230109-WA0004.jpg\"><img loading=\"lazy\" decoding=\"async\" class=\"alignleft size-large wp-image-2989\" src=\"https:\/\/agora.xtec.cat\/iescapnorfeu\/wp-content\/uploads\/usu2070\/2023\/01\/IMG-20230109-WA0004-1024x575.jpg\" alt=\"\" width=\"1024\" height=\"575\" srcset=\"https:\/\/agora.xtec.cat\/iescapnorfeu\/wp-content\/uploads\/usu2070\/2023\/01\/IMG-20230109-WA0004-1024x575.jpg 1024w, https:\/\/agora.xtec.cat\/iescapnorfeu\/wp-content\/uploads\/usu2070\/2023\/01\/IMG-20230109-WA0004-300x169.jpg 300w, https:\/\/agora.xtec.cat\/iescapnorfeu\/wp-content\/uploads\/usu2070\/2023\/01\/IMG-20230109-WA0004-768x432.jpg 768w, https:\/\/agora.xtec.cat\/iescapnorfeu\/wp-content\/uploads\/usu2070\/2023\/01\/IMG-20230109-WA0004-1536x863.jpg 1536w, https:\/\/agora.xtec.cat\/iescapnorfeu\/wp-content\/uploads\/usu2070\/2023\/01\/IMG-20230109-WA0004.jpg 1600w\" sizes=\"auto, (max-width: 1024px) 100vw, 1024px\" \/><\/a><\/p>\n","protected":false},"excerpt":{"rendered":"<p>El passat 14 de desembre, els alumnes de segon de Batxillerat van anar a l\u2019Escala a fer la Ruta V\u00edctor Catal\u00e0. Els alumnes van poder con\u00e8ixer amb m\u00e9s profunditat la figura de l\u2019escriptora escalenca Caterina Albert, m\u00e9s coneguda amb el pseud\u00f2nim de V\u00edctor Catal\u00e0, a&hellip;  <a href=\"https:\/\/agora.xtec.cat\/iescapnorfeu\/general\/sortida-a-lescala-dels-alumnes-de-2n-de-batxillerat\/\" title=\"Read SORTIDA A L&#8217;ESCALA DELS ALUMNES DE 2N DE BATXILLERAT\">Llegeix m\u00e9s\u00bb<\/a><\/p>\n","protected":false},"author":1,"featured_media":0,"comment_status":"open","ping_status":"closed","sticky":false,"template":"","format":"standard","meta":{"_bbp_topic_count":0,"_bbp_reply_count":0,"_bbp_total_topic_count":0,"_bbp_total_reply_count":0,"_bbp_voice_count":0,"_bbp_anonymous_reply_count":0,"_bbp_topic_count_hidden":0,"_bbp_reply_count_hidden":0,"_bbp_forum_subforum_count":0,"footnotes":""},"categories":[1,29],"tags":[],"class_list":["post-2988","post","type-post","status-publish","format-standard","hentry","category-general","category-portada"],"post_mailing_queue_ids":[],"_links":{"self":[{"href":"https:\/\/agora.xtec.cat\/iescapnorfeu\/wp-json\/wp\/v2\/posts\/2988","targetHints":{"allow":["GET"]}}],"collection":[{"href":"https:\/\/agora.xtec.cat\/iescapnorfeu\/wp-json\/wp\/v2\/posts"}],"about":[{"href":"https:\/\/agora.xtec.cat\/iescapnorfeu\/wp-json\/wp\/v2\/types\/post"}],"author":[{"embeddable":true,"href":"https:\/\/agora.xtec.cat\/iescapnorfeu\/wp-json\/wp\/v2\/users\/1"}],"replies":[{"embeddable":true,"href":"https:\/\/agora.xtec.cat\/iescapnorfeu\/wp-json\/wp\/v2\/comments?post=2988"}],"version-history":[{"count":2,"href":"https:\/\/agora.xtec.cat\/iescapnorfeu\/wp-json\/wp\/v2\/posts\/2988\/revisions"}],"predecessor-version":[{"id":2991,"href":"https:\/\/agora.xtec.cat\/iescapnorfeu\/wp-json\/wp\/v2\/posts\/2988\/revisions\/2991"}],"wp:attachment":[{"href":"https:\/\/agora.xtec.cat\/iescapnorfeu\/wp-json\/wp\/v2\/media?parent=2988"}],"wp:term":[{"taxonomy":"category","embeddable":true,"href":"https:\/\/agora.xtec.cat\/iescapnorfeu\/wp-json\/wp\/v2\/categories?post=2988"},{"taxonomy":"post_tag","embeddable":true,"href":"https:\/\/agora.xtec.cat\/iescapnorfeu\/wp-json\/wp\/v2\/tags?post=2988"}],"curies":[{"name":"wp","href":"https:\/\/api.w.org\/{rel}","templated":true}]}}