{"id":2982,"date":"2022-12-24T10:26:29","date_gmt":"2022-12-24T09:26:29","guid":{"rendered":"https:\/\/agora.xtec.cat\/iescapnorfeu\/?p=2982"},"modified":"2022-12-28T10:15:55","modified_gmt":"2022-12-28T09:15:55","slug":"el-cap-norfeu-i-la-marato-de-tv3","status":"publish","type":"post","link":"https:\/\/agora.xtec.cat\/iescapnorfeu\/general\/el-cap-norfeu-i-la-marato-de-tv3\/","title":{"rendered":"EL CAP NORFEU I LA MARAT\u00d3 DE TV3"},"content":{"rendered":"<p style=\"text-align: justify;\">El diumenge 18 de desembre, com ja \u00e9s tradicional, es va celebrar la 31a edici\u00f3 de La Marat\u00f3 de TV3. En aquesta edici\u00f3 el protagonisme se\u2019l van endur les malalties cardiovasculars, la principal causa de mort als pa\u00efsos desenvolupats i un dels problemes actuals de salut p\u00fablica m\u00e9s rellevants.<\/p>\n<p style=\"text-align: justify;\">Un dels objectius de La Marat\u00f3 de TV3 i Catalunya R\u00e0dio \u00e9s conscienciar els joves sobre les malalties tractades al programa. Per aconseguir-ho, la Fundaci\u00f3 desplega sempre una intensa campanya de divulgaci\u00f3 i sensibilitzaci\u00f3 adre\u00e7ada als centres educatius per tal d\u2019arribar a m\u00e9s de 200.000 joves. Un col\u2022lectiu format per m\u00e9s de 600 professionals de la salut va ser l&#8217;encarregat de fer la divulgaci\u00f3 impartint al voltant de 5.500 sessions en l\u2019edici\u00f3 d\u2019enguany.<\/p>\n<p style=\"text-align: justify;\">En aquest context, els alumnes de 4t d\u2019ESO del nostre Institut van participar activament en aquestes sessions el passat divendres 16 de desembre al mat\u00ed amb dues xerrades de sensibilitzaci\u00f3 sobre aquesta q\u00fcesti\u00f3.<\/p>\n<p style=\"text-align: justify;\">Per altra banda, el passat dimecres 21 de desembre es van dur a terme una s\u00e8rie d\u2019activitats en ser el darrer dia lectiu abans de les vacances de Nadal. Aquesta vegada, i despr\u00e9s de dos anys sense poder-ser realitzar amb normalitat, l\u2019oferta va ser for\u00e7a variada i va tenir, com sempre, un notable car\u00e0cter solidari: cinema, futbol, p\u00e0del i escacs.<\/p>\n<p style=\"text-align: justify;\">El m\u00e9s destacable de tot plegat \u00e9s que per poder participar en cadascuna de les activitats calia pagar un preu simb\u00f2lic d\u20191.-\u20ac i que la recaptaci\u00f3 total va anar \u00edntegrament per a la Marat\u00f3 de TV3. Cal remarcar amb molt d\u2019orgull que es van acabar recollint uns 300.- \u20ac, per la qual cosa, des d\u2019aqu\u00ed, volem agrair a tothom la seva participaci\u00f3 i la seva implicaci\u00f3 solid\u00e0ria.<\/p>\n<p><a href=\"https:\/\/agora.xtec.cat\/iescapnorfeu\/wp-content\/uploads\/usu2070\/2022\/12\/Foto-noticia-Marato-2022.jpg\"><img loading=\"lazy\" decoding=\"async\" class=\"alignleft size-large wp-image-2983\" src=\"https:\/\/agora.xtec.cat\/iescapnorfeu\/wp-content\/uploads\/usu2070\/2022\/12\/Foto-noticia-Marato-2022-1024x621.jpg\" alt=\"\" width=\"1024\" height=\"621\" srcset=\"https:\/\/agora.xtec.cat\/iescapnorfeu\/wp-content\/uploads\/usu2070\/2022\/12\/Foto-noticia-Marato-2022-1024x621.jpg 1024w, https:\/\/agora.xtec.cat\/iescapnorfeu\/wp-content\/uploads\/usu2070\/2022\/12\/Foto-noticia-Marato-2022-300x182.jpg 300w, https:\/\/agora.xtec.cat\/iescapnorfeu\/wp-content\/uploads\/usu2070\/2022\/12\/Foto-noticia-Marato-2022-768x466.jpg 768w, https:\/\/agora.xtec.cat\/iescapnorfeu\/wp-content\/uploads\/usu2070\/2022\/12\/Foto-noticia-Marato-2022-1536x932.jpg 1536w, https:\/\/agora.xtec.cat\/iescapnorfeu\/wp-content\/uploads\/usu2070\/2022\/12\/Foto-noticia-Marato-2022.jpg 1656w\" sizes=\"auto, (max-width: 1024px) 100vw, 1024px\" \/><\/a><\/p>\n","protected":false},"excerpt":{"rendered":"<p>El diumenge 18 de desembre, com ja \u00e9s tradicional, es va celebrar la 31a edici\u00f3 de La Marat\u00f3 de TV3. En aquesta edici\u00f3 el protagonisme se\u2019l van endur les malalties cardiovasculars, la principal causa de mort als pa\u00efsos desenvolupats i un dels problemes actuals de&hellip;  <a href=\"https:\/\/agora.xtec.cat\/iescapnorfeu\/general\/el-cap-norfeu-i-la-marato-de-tv3\/\" title=\"Read EL CAP NORFEU I LA MARAT\u00d3 DE TV3\">Llegeix m\u00e9s\u00bb<\/a><\/p>\n","protected":false},"author":1,"featured_media":0,"comment_status":"open","ping_status":"closed","sticky":false,"template":"","format":"standard","meta":{"_bbp_topic_count":0,"_bbp_reply_count":0,"_bbp_total_topic_count":0,"_bbp_total_reply_count":0,"_bbp_voice_count":0,"_bbp_anonymous_reply_count":0,"_bbp_topic_count_hidden":0,"_bbp_reply_count_hidden":0,"_bbp_forum_subforum_count":0,"footnotes":""},"categories":[1,29],"tags":[],"class_list":["post-2982","post","type-post","status-publish","format-standard","hentry","category-general","category-portada"],"post_mailing_queue_ids":[],"_links":{"self":[{"href":"https:\/\/agora.xtec.cat\/iescapnorfeu\/wp-json\/wp\/v2\/posts\/2982","targetHints":{"allow":["GET"]}}],"collection":[{"href":"https:\/\/agora.xtec.cat\/iescapnorfeu\/wp-json\/wp\/v2\/posts"}],"about":[{"href":"https:\/\/agora.xtec.cat\/iescapnorfeu\/wp-json\/wp\/v2\/types\/post"}],"author":[{"embeddable":true,"href":"https:\/\/agora.xtec.cat\/iescapnorfeu\/wp-json\/wp\/v2\/users\/1"}],"replies":[{"embeddable":true,"href":"https:\/\/agora.xtec.cat\/iescapnorfeu\/wp-json\/wp\/v2\/comments?post=2982"}],"version-history":[{"count":3,"href":"https:\/\/agora.xtec.cat\/iescapnorfeu\/wp-json\/wp\/v2\/posts\/2982\/revisions"}],"predecessor-version":[{"id":2986,"href":"https:\/\/agora.xtec.cat\/iescapnorfeu\/wp-json\/wp\/v2\/posts\/2982\/revisions\/2986"}],"wp:attachment":[{"href":"https:\/\/agora.xtec.cat\/iescapnorfeu\/wp-json\/wp\/v2\/media?parent=2982"}],"wp:term":[{"taxonomy":"category","embeddable":true,"href":"https:\/\/agora.xtec.cat\/iescapnorfeu\/wp-json\/wp\/v2\/categories?post=2982"},{"taxonomy":"post_tag","embeddable":true,"href":"https:\/\/agora.xtec.cat\/iescapnorfeu\/wp-json\/wp\/v2\/tags?post=2982"}],"curies":[{"name":"wp","href":"https:\/\/api.w.org\/{rel}","templated":true}]}}