{"id":2923,"date":"2022-10-21T13:13:16","date_gmt":"2022-10-21T11:13:16","guid":{"rendered":"https:\/\/agora.xtec.cat\/iescapnorfeu\/?p=2923"},"modified":"2022-10-27T10:41:43","modified_gmt":"2022-10-27T08:41:43","slug":"sortida-de-cohesio-3r-eso-llanca-port-de-la-selva","status":"publish","type":"post","link":"https:\/\/agora.xtec.cat\/iescapnorfeu\/general\/sortida-de-cohesio-3r-eso-llanca-port-de-la-selva\/","title":{"rendered":"SORTIDA DE COHESI\u00d3 DE 3r ESO A LLAN\u00c7\u00c0-PORT DE LA SELVA"},"content":{"rendered":"<p style=\"text-align: justify;\">El passat dimarts 20 d&#8217;octubre, els alumnes de 3r d&#8217;ESO van poder gaudir d&#8217;un dia molt especial fent el cam\u00ed de ronda que va des de Llan\u00e7\u00e0 a Port de la Selva. L&#8217;experi\u00e8ncia va ser molt enriquidora i tots van poder gaudir d&#8217;un dia ple d&#8217;aire lliure i paisatges immillorables que us compartim amb les fotografies que s&#8217;adjunten a continuaci\u00f3: <a href=\"https:\/\/drive.google.com\/drive\/folders\/1uZndqGF3Re2a6gzTl9yUVekb9lOg3wrT?usp=sharing\" target=\"_blank\" rel=\"noopener\">FOTOS SORTIDA<\/a>.<\/p>\n<p><a href=\"https:\/\/agora.xtec.cat\/iescapnorfeu\/wp-content\/uploads\/usu2070\/2022\/10\/20221020_145906-1-scaled.jpg\"><img loading=\"lazy\" decoding=\"async\" class=\"alignleft size-large wp-image-2925\" src=\"https:\/\/agora.xtec.cat\/iescapnorfeu\/wp-content\/uploads\/usu2070\/2022\/10\/20221020_145906-1-768x1024.jpg\" alt=\"\" width=\"768\" height=\"1024\" srcset=\"https:\/\/agora.xtec.cat\/iescapnorfeu\/wp-content\/uploads\/usu2070\/2022\/10\/20221020_145906-1-768x1024.jpg 768w, https:\/\/agora.xtec.cat\/iescapnorfeu\/wp-content\/uploads\/usu2070\/2022\/10\/20221020_145906-1-225x300.jpg 225w, https:\/\/agora.xtec.cat\/iescapnorfeu\/wp-content\/uploads\/usu2070\/2022\/10\/20221020_145906-1-1152x1536.jpg 1152w, https:\/\/agora.xtec.cat\/iescapnorfeu\/wp-content\/uploads\/usu2070\/2022\/10\/20221020_145906-1-1536x2048.jpg 1536w, https:\/\/agora.xtec.cat\/iescapnorfeu\/wp-content\/uploads\/usu2070\/2022\/10\/20221020_145906-1-scaled.jpg 1920w\" sizes=\"auto, (max-width: 768px) 100vw, 768px\" \/><\/a><\/p>\n","protected":false},"excerpt":{"rendered":"<p>El passat dimarts 20 d&#8217;octubre, els alumnes de 3r d&#8217;ESO van poder gaudir d&#8217;un dia molt especial fent el cam\u00ed de ronda que va des de Llan\u00e7\u00e0 a Port de la Selva. L&#8217;experi\u00e8ncia va ser molt enriquidora i tots van poder gaudir d&#8217;un dia ple&hellip;  <a href=\"https:\/\/agora.xtec.cat\/iescapnorfeu\/general\/sortida-de-cohesio-3r-eso-llanca-port-de-la-selva\/\" title=\"Read SORTIDA DE COHESI\u00d3 DE 3r ESO A LLAN\u00c7\u00c0-PORT DE LA SELVA\">Llegeix m\u00e9s\u00bb<\/a><\/p>\n","protected":false},"author":1,"featured_media":0,"comment_status":"open","ping_status":"closed","sticky":false,"template":"","format":"standard","meta":{"_bbp_topic_count":0,"_bbp_reply_count":0,"_bbp_total_topic_count":0,"_bbp_total_reply_count":0,"_bbp_voice_count":0,"_bbp_anonymous_reply_count":0,"_bbp_topic_count_hidden":0,"_bbp_reply_count_hidden":0,"_bbp_forum_subforum_count":0,"footnotes":""},"categories":[1,29],"tags":[],"class_list":["post-2923","post","type-post","status-publish","format-standard","hentry","category-general","category-portada"],"post_mailing_queue_ids":[],"_links":{"self":[{"href":"https:\/\/agora.xtec.cat\/iescapnorfeu\/wp-json\/wp\/v2\/posts\/2923","targetHints":{"allow":["GET"]}}],"collection":[{"href":"https:\/\/agora.xtec.cat\/iescapnorfeu\/wp-json\/wp\/v2\/posts"}],"about":[{"href":"https:\/\/agora.xtec.cat\/iescapnorfeu\/wp-json\/wp\/v2\/types\/post"}],"author":[{"embeddable":true,"href":"https:\/\/agora.xtec.cat\/iescapnorfeu\/wp-json\/wp\/v2\/users\/1"}],"replies":[{"embeddable":true,"href":"https:\/\/agora.xtec.cat\/iescapnorfeu\/wp-json\/wp\/v2\/comments?post=2923"}],"version-history":[{"count":3,"href":"https:\/\/agora.xtec.cat\/iescapnorfeu\/wp-json\/wp\/v2\/posts\/2923\/revisions"}],"predecessor-version":[{"id":2929,"href":"https:\/\/agora.xtec.cat\/iescapnorfeu\/wp-json\/wp\/v2\/posts\/2923\/revisions\/2929"}],"wp:attachment":[{"href":"https:\/\/agora.xtec.cat\/iescapnorfeu\/wp-json\/wp\/v2\/media?parent=2923"}],"wp:term":[{"taxonomy":"category","embeddable":true,"href":"https:\/\/agora.xtec.cat\/iescapnorfeu\/wp-json\/wp\/v2\/categories?post=2923"},{"taxonomy":"post_tag","embeddable":true,"href":"https:\/\/agora.xtec.cat\/iescapnorfeu\/wp-json\/wp\/v2\/tags?post=2923"}],"curies":[{"name":"wp","href":"https:\/\/api.w.org\/{rel}","templated":true}]}}