{"id":2835,"date":"2022-07-21T15:13:00","date_gmt":"2022-07-21T13:13:00","guid":{"rendered":"https:\/\/agora.xtec.cat\/iescapnorfeu\/?p=2835"},"modified":"2022-07-21T15:13:00","modified_gmt":"2022-07-21T13:13:00","slug":"premis-excel%c2%b7lencia-eso-21-22","status":"publish","type":"post","link":"https:\/\/agora.xtec.cat\/iescapnorfeu\/general\/premis-excel%c2%b7lencia-eso-21-22\/","title":{"rendered":"PREMIS EXCEL\u00b7L\u00c8NCIA ESO 21-22"},"content":{"rendered":"<p style=\"text-align: justify;\">El passat dimecres 20 de juliol es va celebrar la sisena edici\u00f3 dels Premis a l&#8217;Excel\u00b7l\u00e8ncia d&#8217;ESO, amb un acte que va tenir lloc a la sala de plens de l&#8217;Ajuntament de Roses. Els guardons premien i reconeixen els dos alumnes de cada institut de Roses que han destacat per l&#8217;excel\u00b7l\u00e8ncia dels seus resultats acad\u00e8mics durant l&#8217;etapa d&#8217;Educaci\u00f3 Secund\u00e0ria Obligar\u00f2ria. Els premis van ser lliurats per l&#8217;alcalde de Roses, Joan Plana, i pel regidor d&#8217;Ensenyament, Marc Dan\u00e9s.<br \/>\nLa nostra m\u00e9s sincera enhorabona als dos alumnes del nostre institut que han estat mereixedors d&#8217;aquest reconeixement: <strong>Pablo Dom\u00e8nech<\/strong> i <strong>Tais Lisovska<\/strong>.<\/p>\n<p><a href=\"https:\/\/agora.xtec.cat\/iescapnorfeu\/wp-content\/uploads\/usu2070\/2022\/07\/20220720_1914080-1-scaled.jpg\"><img loading=\"lazy\" decoding=\"async\" class=\"alignleft size-large wp-image-2836\" src=\"https:\/\/agora.xtec.cat\/iescapnorfeu\/wp-content\/uploads\/usu2070\/2022\/07\/20220720_1914080-1-1024x576.jpg\" alt=\"\" width=\"1024\" height=\"576\" srcset=\"https:\/\/agora.xtec.cat\/iescapnorfeu\/wp-content\/uploads\/usu2070\/2022\/07\/20220720_1914080-1-1024x576.jpg 1024w, https:\/\/agora.xtec.cat\/iescapnorfeu\/wp-content\/uploads\/usu2070\/2022\/07\/20220720_1914080-1-300x169.jpg 300w, https:\/\/agora.xtec.cat\/iescapnorfeu\/wp-content\/uploads\/usu2070\/2022\/07\/20220720_1914080-1-768x432.jpg 768w, https:\/\/agora.xtec.cat\/iescapnorfeu\/wp-content\/uploads\/usu2070\/2022\/07\/20220720_1914080-1-1536x864.jpg 1536w, https:\/\/agora.xtec.cat\/iescapnorfeu\/wp-content\/uploads\/usu2070\/2022\/07\/20220720_1914080-1-2048x1152.jpg 2048w\" sizes=\"auto, (max-width: 1024px) 100vw, 1024px\" \/><\/a><\/p>\n","protected":false},"excerpt":{"rendered":"<p>El passat dimecres 20 de juliol es va celebrar la sisena edici\u00f3 dels Premis a l&#8217;Excel\u00b7l\u00e8ncia d&#8217;ESO, amb un acte que va tenir lloc a la sala de plens de l&#8217;Ajuntament de Roses. Els guardons premien i reconeixen els dos alumnes de cada institut de&hellip;  <a href=\"https:\/\/agora.xtec.cat\/iescapnorfeu\/general\/premis-excel%c2%b7lencia-eso-21-22\/\" title=\"Read PREMIS EXCEL\u00b7L\u00c8NCIA ESO 21-22\">Llegeix m\u00e9s\u00bb<\/a><\/p>\n","protected":false},"author":1,"featured_media":0,"comment_status":"open","ping_status":"closed","sticky":false,"template":"","format":"standard","meta":{"_bbp_topic_count":0,"_bbp_reply_count":0,"_bbp_total_topic_count":0,"_bbp_total_reply_count":0,"_bbp_voice_count":0,"_bbp_anonymous_reply_count":0,"_bbp_topic_count_hidden":0,"_bbp_reply_count_hidden":0,"_bbp_forum_subforum_count":0,"footnotes":""},"categories":[1,29],"tags":[],"class_list":["post-2835","post","type-post","status-publish","format-standard","hentry","category-general","category-portada"],"post_mailing_queue_ids":[],"_links":{"self":[{"href":"https:\/\/agora.xtec.cat\/iescapnorfeu\/wp-json\/wp\/v2\/posts\/2835","targetHints":{"allow":["GET"]}}],"collection":[{"href":"https:\/\/agora.xtec.cat\/iescapnorfeu\/wp-json\/wp\/v2\/posts"}],"about":[{"href":"https:\/\/agora.xtec.cat\/iescapnorfeu\/wp-json\/wp\/v2\/types\/post"}],"author":[{"embeddable":true,"href":"https:\/\/agora.xtec.cat\/iescapnorfeu\/wp-json\/wp\/v2\/users\/1"}],"replies":[{"embeddable":true,"href":"https:\/\/agora.xtec.cat\/iescapnorfeu\/wp-json\/wp\/v2\/comments?post=2835"}],"version-history":[{"count":1,"href":"https:\/\/agora.xtec.cat\/iescapnorfeu\/wp-json\/wp\/v2\/posts\/2835\/revisions"}],"predecessor-version":[{"id":2837,"href":"https:\/\/agora.xtec.cat\/iescapnorfeu\/wp-json\/wp\/v2\/posts\/2835\/revisions\/2837"}],"wp:attachment":[{"href":"https:\/\/agora.xtec.cat\/iescapnorfeu\/wp-json\/wp\/v2\/media?parent=2835"}],"wp:term":[{"taxonomy":"category","embeddable":true,"href":"https:\/\/agora.xtec.cat\/iescapnorfeu\/wp-json\/wp\/v2\/categories?post=2835"},{"taxonomy":"post_tag","embeddable":true,"href":"https:\/\/agora.xtec.cat\/iescapnorfeu\/wp-json\/wp\/v2\/tags?post=2835"}],"curies":[{"name":"wp","href":"https:\/\/api.w.org\/{rel}","templated":true}]}}