{"id":2817,"date":"2022-07-18T17:24:39","date_gmt":"2022-07-18T15:24:39","guid":{"rendered":"https:\/\/agora.xtec.cat\/iescapnorfeu\/?p=2817"},"modified":"2022-07-25T13:01:22","modified_gmt":"2022-07-25T11:01:22","slug":"gestio-llista-despera-cf-acte-public-assignacio-places-vacants","status":"publish","type":"post","link":"https:\/\/agora.xtec.cat\/iescapnorfeu\/general\/gestio-llista-despera-cf-acte-public-assignacio-places-vacants\/","title":{"rendered":"GESTI\u00d3 LLISTA D&#8217;ESPERA CF: Acte p\u00fablic d&#8217;assignaci\u00f3 de places vacants"},"content":{"rendered":"<p style=\"text-align: justify;\"><strong>La gesti\u00f3 de la llista d\u2019espera<\/strong> del proc\u00e9s de preinscripci\u00f3 als cicles de formaci\u00f3 professional de grau mitj\u00e0, i de grau superior que s&#8217;ofereixen en el nostre centre, del curs 2022-2023, tant del proc\u00e9s d\u2019alumnat amb continu\u00eftat d\u2019escolaritzaci\u00f3 com del proc\u00e9s per a la resta de l\u2019alumnat, <strong>es far\u00e0 en un acte p\u00fablic \u00fanic el proper dilluns 25 de juliol<\/strong> a l&#8217;Institut Cap Norfeu segons l&#8217;horari seg\u00fcent:<\/p>\n<p style=\"text-align: justify;\"><strong>12:00h<\/strong> Cicle Formatiu de Grau <span style=\"text-decoration: underline;\">Mitj\u00e0<\/span>.<\/p>\n<p style=\"text-align: justify;\"><strong>13:00h<\/strong> Cicle Formatiu de Grau <span style=\"text-decoration: underline;\">Superior<\/span>.<\/p>\n<p style=\"text-align: justify;\">Important:<\/p>\n<p style=\"text-align: justify;\">1.- A l\u2019acte ha d\u2019assistir la persona interessada. En cas de no ser possible podr\u00e0 fer-ho qualsevol altra en representaci\u00f3 degudament autoritzada.<\/p>\n<p style=\"text-align: justify;\">2.- La no assist\u00e8ncia a l\u2019acte d\u2019assignaci\u00f3 suposa la p\u00e8rdua del dret a l\u2019assignaci\u00f3 de pla\u00e7a.<\/p>\n<p style=\"text-align: justify;\">3.- La matr\u00edcula de l\u2019alumnat que obtingui pla\u00e7a es formalitzar\u00e0 a continuaci\u00f3 de l\u2019adjudicaci\u00f3 de pla\u00e7a.<\/p>\n<p><a href=\"https:\/\/agora.xtec.cat\/iescapnorfeu\/wp-content\/uploads\/usu2070\/2022\/07\/INFORME_LLISTA_ESPERA_OME_LLISTA_ESPERA.pdf\" target=\"_blank\" rel=\"noopener\">LLISTA D&#8217;ESPERA CFGM 22-23<\/a><\/p>\n<p style=\"text-align: justify;\">Nombre de places que s&#8217;ofereixen a l&#8217;acte p\u00fablic del proper 25 de juliol on nom\u00e9s poden participar els alumnes que figuren a l&#8217;esmentada llista d&#8217;espera:<\/p>\n<p style=\"text-align: justify;\"><strong>CFGM1<\/strong>:<strong>12 places<\/strong><\/p>\n<p><strong>CFGM2<\/strong>:<strong>11 places<\/strong><\/p>\n<p style=\"text-align: justify;\"><strong>CFGS1: 8 places<\/strong><\/p>\n<p style=\"text-align: justify;\"><strong>CFGS2: 3 places<\/strong><\/p>\n<p style=\"text-align: justify;\">Els alumnes que no obtinguin pla\u00e7a en aquest acte p\u00fablic han de tenir present l&#8217;anomenat <span style=\"text-decoration: underline;\">segon per\u00edode d&#8217;admissi\u00f3.<\/span><\/p>\n<p style=\"text-align: justify;\">Concretament, el Departament d&#8217;Educaci\u00f3 publicar\u00e0 al seu web la informaci\u00f3 relativa als centres i cicles amb places vacants.<br \/>\nNom\u00e9s poden participar en aquest per\u00edode d&#8217;admissi\u00f3 les persones que van presentar la sol\u00b7licitud de preinscripci\u00f3 i no van obtenir pla\u00e7a ni per assignaci\u00f3 ni per gesti\u00f3 de llista d&#8217;espera i que la qualificaci\u00f3 que els consti en la llista ordenada sigui igual o superior a 5.<br \/>\nEls participants poden ampliar les peticions de la sol\u00b7licitud de preinscripci\u00f3 dins el termini establert en el calendari, en el marc de les vacants existents, utilitzant el formulari disponible al web del Departament.<br \/>\nLes peticions s&#8217;ordenen d&#8217;acord amb la qualificaci\u00f3 mitjana dels estudis o la qualificaci\u00f3 de la prova que permeten l&#8217;acc\u00e9s al cicle.<br \/>\nEls alumnes que obtenen pla\u00e7a han de formalitzar la matr\u00edcula al centre assignat, per a la qual cosa han d&#8217;aportar la documentaci\u00f3 que acredita que compleixen els requisits acad\u00e8mics d&#8217;acc\u00e9s.<\/p>\n<p style=\"text-align: justify;\">Calendari del 2n per\u00edode d&#8217;admissi\u00f3 de Cicles Formatius:<\/p>\n<p style=\"text-align: justify;\">&#8211; Publicaci\u00f3 de centres i cicles formatius amb places vacants: 13 de setembre de 2022.<br \/>\n&#8211; Ampliaci\u00f3 de peticions per al segon per\u00edode d&#8217;admissi\u00f3: del 14 al 16 de setembre de 2022.<br \/>\n&#8211; Publicaci\u00f3 de la llista d&#8217;admesos al centre: 21 de setembre de 2022.<\/p>\n","protected":false},"excerpt":{"rendered":"<p>La gesti\u00f3 de la llista d\u2019espera del proc\u00e9s de preinscripci\u00f3 als cicles de formaci\u00f3 professional de grau mitj\u00e0, i de grau superior que s&#8217;ofereixen en el nostre centre, del curs 2022-2023, tant del proc\u00e9s d\u2019alumnat amb continu\u00eftat d\u2019escolaritzaci\u00f3 com del proc\u00e9s per a la resta&hellip;  <a href=\"https:\/\/agora.xtec.cat\/iescapnorfeu\/general\/gestio-llista-despera-cf-acte-public-assignacio-places-vacants\/\" title=\"Read GESTI\u00d3 LLISTA D&#8217;ESPERA CF: Acte p\u00fablic d&#8217;assignaci\u00f3 de places vacants\">Llegeix m\u00e9s\u00bb<\/a><\/p>\n","protected":false},"author":1,"featured_media":0,"comment_status":"open","ping_status":"closed","sticky":false,"template":"","format":"standard","meta":{"_bbp_topic_count":0,"_bbp_reply_count":0,"_bbp_total_topic_count":0,"_bbp_total_reply_count":0,"_bbp_voice_count":0,"_bbp_anonymous_reply_count":0,"_bbp_topic_count_hidden":0,"_bbp_reply_count_hidden":0,"_bbp_forum_subforum_count":0,"footnotes":""},"categories":[1,29],"tags":[],"class_list":["post-2817","post","type-post","status-publish","format-standard","hentry","category-general","category-portada"],"post_mailing_queue_ids":[],"_links":{"self":[{"href":"https:\/\/agora.xtec.cat\/iescapnorfeu\/wp-json\/wp\/v2\/posts\/2817","targetHints":{"allow":["GET"]}}],"collection":[{"href":"https:\/\/agora.xtec.cat\/iescapnorfeu\/wp-json\/wp\/v2\/posts"}],"about":[{"href":"https:\/\/agora.xtec.cat\/iescapnorfeu\/wp-json\/wp\/v2\/types\/post"}],"author":[{"embeddable":true,"href":"https:\/\/agora.xtec.cat\/iescapnorfeu\/wp-json\/wp\/v2\/users\/1"}],"replies":[{"embeddable":true,"href":"https:\/\/agora.xtec.cat\/iescapnorfeu\/wp-json\/wp\/v2\/comments?post=2817"}],"version-history":[{"count":4,"href":"https:\/\/agora.xtec.cat\/iescapnorfeu\/wp-json\/wp\/v2\/posts\/2817\/revisions"}],"predecessor-version":[{"id":2844,"href":"https:\/\/agora.xtec.cat\/iescapnorfeu\/wp-json\/wp\/v2\/posts\/2817\/revisions\/2844"}],"wp:attachment":[{"href":"https:\/\/agora.xtec.cat\/iescapnorfeu\/wp-json\/wp\/v2\/media?parent=2817"}],"wp:term":[{"taxonomy":"category","embeddable":true,"href":"https:\/\/agora.xtec.cat\/iescapnorfeu\/wp-json\/wp\/v2\/categories?post=2817"},{"taxonomy":"post_tag","embeddable":true,"href":"https:\/\/agora.xtec.cat\/iescapnorfeu\/wp-json\/wp\/v2\/tags?post=2817"}],"curies":[{"name":"wp","href":"https:\/\/api.w.org\/{rel}","templated":true}]}}