{"id":2762,"date":"2022-06-27T09:51:36","date_gmt":"2022-06-27T07:51:36","guid":{"rendered":"https:\/\/agora.xtec.cat\/iescapnorfeu\/?p=2762"},"modified":"2022-06-27T09:51:55","modified_gmt":"2022-06-27T07:51:55","slug":"acte-de-graduacio-4t-eso-curs-2021-22","status":"publish","type":"post","link":"https:\/\/agora.xtec.cat\/iescapnorfeu\/general\/acte-de-graduacio-4t-eso-curs-2021-22\/","title":{"rendered":"ACTE DE GRADUACI\u00d3 4t ESO (CURS 2021\/22)"},"content":{"rendered":"<p style=\"text-align: justify;\">El passat dimarts 21 de juny es va celebrar al gimn\u00e0s del nostre Institut la cerim\u00f2nia de graduaci\u00f3 dels alumnes que aquest curs han acabat 4t d\u2019ESO. L\u2019acte, que va comptar amb una massiva aflu\u00e8ncia de pares, mares i altres familiars, aix\u00ed com de la immensa majoria dels alumnes de 4t d\u2019ESO, va ser una barreja d\u2019emocions contradict\u00f2ries que els alumnes anaven encomanant a tots els presents: alegria per haver arribat fins aqu\u00ed i tristesa per haver-se de separar; il\u00b7lusi\u00f3 per la nova etapa que estaven a punt d\u2019iniciar i temor a tot el que els venia a sobre a partir d\u2019ara. Es va tenir tamb\u00e9 un record molt especial pels qui, malauradament, no hi van poder ser.<\/p>\n<p style=\"text-align: justify;\">L\u2019acte va comen\u00e7ar amb una presentaci\u00f3 i la benvinguda a tots els assistents per part del Director de l\u2019Institut, Sr. Agust\u00ed Brunyol. Tot seguit, es van llegir uns emotius textos per part d\u2019un representant dels tutors i tutores de 4t i per part dels representants dels alumnes<\/p>\n<p style=\"text-align: justify;\">El moment culminant de l\u2019acte va arribar quan els alumnes eren cridats a pujar a l\u2019escenari a recollir un diploma acreditatiu de la seva graduaci\u00f3, aix\u00ed com de l\u2019orla de record i d\u2019un birret.<\/p>\n<p>Finalment, tots els qui ho van desitjar van poder-se fer fotos al pati dels til\u00b7lers o al propi gimn\u00e0s amb els seus familiars, companys i professors presents a l\u2019acte.<\/p>\n<p style=\"text-align: justify;\">Podeu veure\u2019n m\u00e9s fotos entrant <a href=\"https:\/\/photos.app.goo.gl\/vT19cQD658LgDFEj7\" target=\"_blank\" rel=\"noopener\">aqu\u00ed<\/a>.<\/p>\n<p><a href=\"https:\/\/agora.xtec.cat\/iescapnorfeu\/wp-content\/uploads\/usu2070\/2022\/06\/graduacio-4rt.jpg\"><img loading=\"lazy\" decoding=\"async\" class=\"alignleft size-large wp-image-2766\" src=\"https:\/\/agora.xtec.cat\/iescapnorfeu\/wp-content\/uploads\/usu2070\/2022\/06\/graduacio-4rt-1024x1024.jpg\" alt=\"\" width=\"1024\" height=\"1024\" srcset=\"https:\/\/agora.xtec.cat\/iescapnorfeu\/wp-content\/uploads\/usu2070\/2022\/06\/graduacio-4rt-1024x1024.jpg 1024w, https:\/\/agora.xtec.cat\/iescapnorfeu\/wp-content\/uploads\/usu2070\/2022\/06\/graduacio-4rt-300x300.jpg 300w, https:\/\/agora.xtec.cat\/iescapnorfeu\/wp-content\/uploads\/usu2070\/2022\/06\/graduacio-4rt-150x150.jpg 150w, https:\/\/agora.xtec.cat\/iescapnorfeu\/wp-content\/uploads\/usu2070\/2022\/06\/graduacio-4rt-768x768.jpg 768w, https:\/\/agora.xtec.cat\/iescapnorfeu\/wp-content\/uploads\/usu2070\/2022\/06\/graduacio-4rt.jpg 1200w\" sizes=\"auto, (max-width: 1024px) 100vw, 1024px\" \/><\/a><\/p>\n<p>&nbsp;<\/p>\n","protected":false},"excerpt":{"rendered":"<p>El passat dimarts 21 de juny es va celebrar al gimn\u00e0s del nostre Institut la cerim\u00f2nia de graduaci\u00f3 dels alumnes que aquest curs han acabat 4t d\u2019ESO. L\u2019acte, que va comptar amb una massiva aflu\u00e8ncia de pares, mares i altres familiars, aix\u00ed com de la&hellip;  <a href=\"https:\/\/agora.xtec.cat\/iescapnorfeu\/general\/acte-de-graduacio-4t-eso-curs-2021-22\/\" title=\"Read ACTE DE GRADUACI\u00d3 4t ESO (CURS 2021\/22)\">Llegeix m\u00e9s\u00bb<\/a><\/p>\n","protected":false},"author":1,"featured_media":0,"comment_status":"open","ping_status":"closed","sticky":false,"template":"","format":"standard","meta":{"_bbp_topic_count":0,"_bbp_reply_count":0,"_bbp_total_topic_count":0,"_bbp_total_reply_count":0,"_bbp_voice_count":0,"_bbp_anonymous_reply_count":0,"_bbp_topic_count_hidden":0,"_bbp_reply_count_hidden":0,"_bbp_forum_subforum_count":0,"footnotes":""},"categories":[1,29],"tags":[],"class_list":["post-2762","post","type-post","status-publish","format-standard","hentry","category-general","category-portada"],"post_mailing_queue_ids":[],"_links":{"self":[{"href":"https:\/\/agora.xtec.cat\/iescapnorfeu\/wp-json\/wp\/v2\/posts\/2762","targetHints":{"allow":["GET"]}}],"collection":[{"href":"https:\/\/agora.xtec.cat\/iescapnorfeu\/wp-json\/wp\/v2\/posts"}],"about":[{"href":"https:\/\/agora.xtec.cat\/iescapnorfeu\/wp-json\/wp\/v2\/types\/post"}],"author":[{"embeddable":true,"href":"https:\/\/agora.xtec.cat\/iescapnorfeu\/wp-json\/wp\/v2\/users\/1"}],"replies":[{"embeddable":true,"href":"https:\/\/agora.xtec.cat\/iescapnorfeu\/wp-json\/wp\/v2\/comments?post=2762"}],"version-history":[{"count":3,"href":"https:\/\/agora.xtec.cat\/iescapnorfeu\/wp-json\/wp\/v2\/posts\/2762\/revisions"}],"predecessor-version":[{"id":2769,"href":"https:\/\/agora.xtec.cat\/iescapnorfeu\/wp-json\/wp\/v2\/posts\/2762\/revisions\/2769"}],"wp:attachment":[{"href":"https:\/\/agora.xtec.cat\/iescapnorfeu\/wp-json\/wp\/v2\/media?parent=2762"}],"wp:term":[{"taxonomy":"category","embeddable":true,"href":"https:\/\/agora.xtec.cat\/iescapnorfeu\/wp-json\/wp\/v2\/categories?post=2762"},{"taxonomy":"post_tag","embeddable":true,"href":"https:\/\/agora.xtec.cat\/iescapnorfeu\/wp-json\/wp\/v2\/tags?post=2762"}],"curies":[{"name":"wp","href":"https:\/\/api.w.org\/{rel}","templated":true}]}}