{"id":2688,"date":"2022-06-20T23:37:10","date_gmt":"2022-06-20T21:37:10","guid":{"rendered":"https:\/\/agora.xtec.cat\/iescapnorfeu\/?p=2688"},"modified":"2022-07-21T18:05:15","modified_gmt":"2022-07-21T16:05:15","slug":"matricula-eso-2022-2023","status":"publish","type":"post","link":"https:\/\/agora.xtec.cat\/iescapnorfeu\/general\/matricula-eso-2022-2023\/","title":{"rendered":"MATR\u00cdCULA ESO 2022-2023"},"content":{"rendered":"<ul>\n<li style=\"text-align: justify;\"><strong>Matr\u00edcula dels alumnes d&#8217;ESO <span style=\"text-decoration: underline;\">de nova incorporaci\u00f3 al centre<\/span>:<\/strong><\/li>\n<\/ul>\n<p style=\"text-align: justify;\">Qui pot fer la matr\u00edcula? La mare o el pare de l&#8217;alumne.<\/p>\n<p style=\"text-align: justify;\">Dates:\u00a0 Des del dimarts 21 fins el proper 29 de juny.<\/p>\n<p style=\"text-align: justify;\">Horari d&#8217;atenci\u00f3 al p\u00fablic: Matins des de les 8:30h fins a les 14;30h.<\/p>\n<p style=\"text-align: justify;\">Servei de fotoc\u00f2pies gratu\u00eft en el mateix centre.<\/p>\n<p style=\"text-align: justify;\">Documentaci\u00f3: S&#8217;ha de lliurar la documentaci\u00f3 omplerta que s&#8217;ha fet arribar a les fam\u00edlies mitjan\u00e7ant la seva escola de Prim\u00e0ria (Roses, Palau i Pau). En tot cas, a l&#8217;institut us lliurarem c\u00f2pia dels documents si s&#8217;escau i els podreu omplir a l&#8217;institut.<\/p>\n<p style=\"text-align: justify;\">Pagaments: No caldr\u00e0 (ni es podr\u00e0) fer els pagaments que calgui en efectiu al centre. Us lliurarem un document amb un codi de barres segons el concepte a abonar.<\/p>\n<ul style=\"text-align: justify;\">\n<li><strong>Matr\u00edcula dels alumnes que enguany <span style=\"text-decoration: underline;\">han estudiat a l&#8217;INS Cap Norfeu (21-22)<\/span>:<\/strong><\/li>\n<\/ul>\n<p style=\"text-align: justify;\">Qui pot fer la matr\u00edcula? La mare, el pare <span style=\"text-decoration: underline;\">o el mateix alumne<\/span>.<\/p>\n<p style=\"text-align: justify;\">Dates:\u00a0 Des del dimarts 21 fins el proper 29 de juny.<\/p>\n<p style=\"text-align: justify;\">Horari d&#8217;atenci\u00f3 al p\u00fablic: Matins des de les 8:30h fins a les 14;30h.<\/p>\n<p style=\"text-align: justify;\">Servei de fotoc\u00f2pies gratu\u00eft en el mateix centre.<\/p>\n<p style=\"text-align: justify;\">Documentaci\u00f3: A banda de lliurar el document de continu\u00eftat de matricula personalitzat que es va lliurar fa unes setmanes a l&#8217;institut, s&#8217;ha de lliurar la documentaci\u00f3 que us facilitaran a la Secretaria del centre <span style=\"text-decoration: underline;\">signada per la mare o el pare.<\/span><\/p>\n<p style=\"text-align: justify;\">Pagaments: No caldr\u00e0 (ni es podr\u00e0) fer els pagaments que calgui en efectiu al centre. Us lliurarem un document amb un codi de barres segons el concepte a abonar.<\/p>\n","protected":false},"excerpt":{"rendered":"<ul>\n<li style=\"text-align: justify;\">Matr\u00edcula dels alumnes d&#8217;ESO de nova incorporaci\u00f3 al centre:<\/li>\n<\/ul>\n<p>Qui pot fer la matr\u00edcula? La mare o el pare de l&#8217;alumne.<br \/>\nDates:\u00a0 Des del dimarts 21 fins el proper 29 de juny.<br \/>\nHorari d&#8217;atenci\u00f3 al p\u00fablic: Matins des de les 8:30h fins a les 14;30h.<br \/>\nServei de&hellip;  <a href=\"https:\/\/agora.xtec.cat\/iescapnorfeu\/general\/matricula-eso-2022-2023\/\" title=\"Read MATR\u00cdCULA ESO 2022-2023\">Llegeix m\u00e9s\u00bb<\/a><\/p>\n","protected":false},"author":1,"featured_media":0,"comment_status":"open","ping_status":"closed","sticky":false,"template":"","format":"standard","meta":{"_bbp_topic_count":0,"_bbp_reply_count":0,"_bbp_total_topic_count":0,"_bbp_total_reply_count":0,"_bbp_voice_count":0,"_bbp_anonymous_reply_count":0,"_bbp_topic_count_hidden":0,"_bbp_reply_count_hidden":0,"_bbp_forum_subforum_count":0,"footnotes":""},"categories":[1,29],"tags":[],"class_list":["post-2688","post","type-post","status-publish","format-standard","hentry","category-general","category-portada"],"post_mailing_queue_ids":[],"_links":{"self":[{"href":"https:\/\/agora.xtec.cat\/iescapnorfeu\/wp-json\/wp\/v2\/posts\/2688","targetHints":{"allow":["GET"]}}],"collection":[{"href":"https:\/\/agora.xtec.cat\/iescapnorfeu\/wp-json\/wp\/v2\/posts"}],"about":[{"href":"https:\/\/agora.xtec.cat\/iescapnorfeu\/wp-json\/wp\/v2\/types\/post"}],"author":[{"embeddable":true,"href":"https:\/\/agora.xtec.cat\/iescapnorfeu\/wp-json\/wp\/v2\/users\/1"}],"replies":[{"embeddable":true,"href":"https:\/\/agora.xtec.cat\/iescapnorfeu\/wp-json\/wp\/v2\/comments?post=2688"}],"version-history":[{"count":3,"href":"https:\/\/agora.xtec.cat\/iescapnorfeu\/wp-json\/wp\/v2\/posts\/2688\/revisions"}],"predecessor-version":[{"id":2699,"href":"https:\/\/agora.xtec.cat\/iescapnorfeu\/wp-json\/wp\/v2\/posts\/2688\/revisions\/2699"}],"wp:attachment":[{"href":"https:\/\/agora.xtec.cat\/iescapnorfeu\/wp-json\/wp\/v2\/media?parent=2688"}],"wp:term":[{"taxonomy":"category","embeddable":true,"href":"https:\/\/agora.xtec.cat\/iescapnorfeu\/wp-json\/wp\/v2\/categories?post=2688"},{"taxonomy":"post_tag","embeddable":true,"href":"https:\/\/agora.xtec.cat\/iescapnorfeu\/wp-json\/wp\/v2\/tags?post=2688"}],"curies":[{"name":"wp","href":"https:\/\/api.w.org\/{rel}","templated":true}]}}