{"id":2656,"date":"2022-06-14T13:43:00","date_gmt":"2022-06-14T11:43:00","guid":{"rendered":"https:\/\/agora.xtec.cat\/iescapnorfeu\/?p=2656"},"modified":"2022-06-14T18:25:29","modified_gmt":"2022-06-14T16:25:29","slug":"el-cap-norfeu-molt-ben-representat-al-vi-concurs-doratoria-de-lalt-emporda","status":"publish","type":"post","link":"https:\/\/agora.xtec.cat\/iescapnorfeu\/general\/el-cap-norfeu-molt-ben-representat-al-vi-concurs-doratoria-de-lalt-emporda\/","title":{"rendered":"EL CAP NORFEU, MOLT BEN REPRESENTAT AL  6\u00e8  CONCURS D\u2019ORAT\u00d2RIA DE L\u2019ALT EMPORD\u00c0"},"content":{"rendered":"<p style=\"text-align: justify;\">Tais Lisovska, de 4t d\u2019ESO-A, i Miquel Serra, de 4t d\u2019ESO-B, van ser els representants del nostre Institut al 6\u00e8 Concurs d\u2019Orat\u00f2ria Juvenil de l&#8217;Alt Empord\u00e0, que es va celebrar el passat dissabte 11 de juny a l\u2019auditori dels Caputxins de Figueres.<\/p>\n<p style=\"text-align: justify;\">Aquest concurs t\u00e9 com a objectiu promoure entre l\u2019alumnat i les seves fam\u00edlies la necessitat de millorar l\u2019expressi\u00f3 oral, a m\u00e9s de destacar la import\u00e0ncia de saber expressar-se en p\u00fablic amb naturalitat i efic\u00e0cia, tot utilitzant els recursos argumentatius i ret\u00f2rics adients.<\/p>\n<p style=\"text-align: justify;\">En aquesta edici\u00f3 hi van participar 23 alumnes dels instituts p\u00fablics i concertats que hi ha a l\u2019Alt Empord\u00e0, tots ells pr\u00e8viament seleccionats durant els darrers mesos d\u2019entre els 1.743 alumnes de 4t d&#8217;ESO de la comarca.<\/p>\n<p>Els 23 seleccionats van disputar una semifinal en qu\u00e8 van haver d\u2019elaborar un discurs de tres minuts sobre un d\u2019aquests dos temes, que els tocava per sorteig:<br \/>\n\u201cVivim en un m\u00f3n globalitzat\u201d o \u201cLes aparences enganyen?\u201d. Els semifinalistes van con\u00e8ixer les dues propostes tem\u00e0tiques just el dia abans.<\/p>\n<p style=\"text-align: justify;\">Tot i no haver estat seleccionats per a la fase final, tant l\u2019una com l\u2019altre van fer una excel\u2022lent intervenci\u00f3 davant el jurat.<\/p>\n<p style=\"text-align: justify;\">Moltes felicitats a tots dos i enhorabona per la feina feta!<\/p>\n<p><a href=\"https:\/\/agora.xtec.cat\/iescapnorfeu\/wp-content\/uploads\/usu2070\/2022\/06\/Concurs-oratoria-foto-1-scaled.jpg\"><img loading=\"lazy\" decoding=\"async\" class=\"aligncenter wp-image-2657 size-large\" src=\"https:\/\/agora.xtec.cat\/iescapnorfeu\/wp-content\/uploads\/usu2070\/2022\/06\/Concurs-oratoria-foto-1-scaled-e1655206965812-1015x1024.jpg\" alt=\"\" width=\"1015\" height=\"1024\" srcset=\"https:\/\/agora.xtec.cat\/iescapnorfeu\/wp-content\/uploads\/usu2070\/2022\/06\/Concurs-oratoria-foto-1-scaled-e1655206965812-1015x1024.jpg 1015w, https:\/\/agora.xtec.cat\/iescapnorfeu\/wp-content\/uploads\/usu2070\/2022\/06\/Concurs-oratoria-foto-1-scaled-e1655206965812-297x300.jpg 297w, https:\/\/agora.xtec.cat\/iescapnorfeu\/wp-content\/uploads\/usu2070\/2022\/06\/Concurs-oratoria-foto-1-scaled-e1655206965812-150x150.jpg 150w, https:\/\/agora.xtec.cat\/iescapnorfeu\/wp-content\/uploads\/usu2070\/2022\/06\/Concurs-oratoria-foto-1-scaled-e1655206965812-768x775.jpg 768w, https:\/\/agora.xtec.cat\/iescapnorfeu\/wp-content\/uploads\/usu2070\/2022\/06\/Concurs-oratoria-foto-1-scaled-e1655206965812.jpg 1312w\" sizes=\"auto, (max-width: 1015px) 100vw, 1015px\" \/><\/a><\/p>\n","protected":false},"excerpt":{"rendered":"<p>Tais Lisovska, de 4t d\u2019ESO-A, i Miquel Serra, de 4t d\u2019ESO-B, van ser els representants del nostre Institut al 6\u00e8 Concurs d\u2019Orat\u00f2ria Juvenil de l&#8217;Alt Empord\u00e0, que es va celebrar el passat dissabte 11 de juny a l\u2019auditori dels Caputxins de Figueres.<br \/>\nAquest concurs t\u00e9 com&hellip;  <a href=\"https:\/\/agora.xtec.cat\/iescapnorfeu\/general\/el-cap-norfeu-molt-ben-representat-al-vi-concurs-doratoria-de-lalt-emporda\/\" title=\"Read EL CAP NORFEU, MOLT BEN REPRESENTAT AL  6\u00e8  CONCURS D\u2019ORAT\u00d2RIA DE L\u2019ALT EMPORD\u00c0\">Llegeix m\u00e9s\u00bb<\/a><\/p>\n","protected":false},"author":1,"featured_media":0,"comment_status":"open","ping_status":"closed","sticky":false,"template":"","format":"standard","meta":{"_bbp_topic_count":0,"_bbp_reply_count":0,"_bbp_total_topic_count":0,"_bbp_total_reply_count":0,"_bbp_voice_count":0,"_bbp_anonymous_reply_count":0,"_bbp_topic_count_hidden":0,"_bbp_reply_count_hidden":0,"_bbp_forum_subforum_count":0,"footnotes":""},"categories":[1,29],"tags":[],"class_list":["post-2656","post","type-post","status-publish","format-standard","hentry","category-general","category-portada"],"post_mailing_queue_ids":[],"_links":{"self":[{"href":"https:\/\/agora.xtec.cat\/iescapnorfeu\/wp-json\/wp\/v2\/posts\/2656","targetHints":{"allow":["GET"]}}],"collection":[{"href":"https:\/\/agora.xtec.cat\/iescapnorfeu\/wp-json\/wp\/v2\/posts"}],"about":[{"href":"https:\/\/agora.xtec.cat\/iescapnorfeu\/wp-json\/wp\/v2\/types\/post"}],"author":[{"embeddable":true,"href":"https:\/\/agora.xtec.cat\/iescapnorfeu\/wp-json\/wp\/v2\/users\/1"}],"replies":[{"embeddable":true,"href":"https:\/\/agora.xtec.cat\/iescapnorfeu\/wp-json\/wp\/v2\/comments?post=2656"}],"version-history":[{"count":3,"href":"https:\/\/agora.xtec.cat\/iescapnorfeu\/wp-json\/wp\/v2\/posts\/2656\/revisions"}],"predecessor-version":[{"id":2661,"href":"https:\/\/agora.xtec.cat\/iescapnorfeu\/wp-json\/wp\/v2\/posts\/2656\/revisions\/2661"}],"wp:attachment":[{"href":"https:\/\/agora.xtec.cat\/iescapnorfeu\/wp-json\/wp\/v2\/media?parent=2656"}],"wp:term":[{"taxonomy":"category","embeddable":true,"href":"https:\/\/agora.xtec.cat\/iescapnorfeu\/wp-json\/wp\/v2\/categories?post=2656"},{"taxonomy":"post_tag","embeddable":true,"href":"https:\/\/agora.xtec.cat\/iescapnorfeu\/wp-json\/wp\/v2\/tags?post=2656"}],"curies":[{"name":"wp","href":"https:\/\/api.w.org\/{rel}","templated":true}]}}