{"id":2624,"date":"2022-06-07T12:14:51","date_gmt":"2022-06-07T10:14:51","guid":{"rendered":"https:\/\/agora.xtec.cat\/iescapnorfeu\/?p=2624"},"modified":"2022-06-07T12:32:30","modified_gmt":"2022-06-07T10:32:30","slug":"conscienciaciacio-sobre-els-accidents-de-transit","status":"publish","type":"post","link":"https:\/\/agora.xtec.cat\/iescapnorfeu\/general\/conscienciaciacio-sobre-els-accidents-de-transit\/","title":{"rendered":"CONSCIENCIACI\u00d3 SOBRE ELS ACCIDENTS DE TR\u00c0NSIT"},"content":{"rendered":"<p style=\"text-align: justify;\">La xerrada va tenir lloc el passat 31 de maig i va anar a c\u00e0rrec del Sr. Narc\u00eds Heras, del Departament de Benestar Social de l\u2019Ajuntament de Roses, i del Sr. Jordi Morales, de l\u2019Associaci\u00f3 de Prevenci\u00f3 d\u2019Accidents de Tr\u00e0nsit. El Sr. Morales, molt amablement, els va fer part\u00edcips de la seva pr\u00f2pia experi\u00e8ncia, ja que va ser v\u00edctima d\u2019un accident de tr\u00e0nsit per culpa d\u2019un conductor que anava sota els efectes de l\u2019alcohol. Aquest trist accident va tenir com a conseq\u00fc\u00e8ncia que, des de llavors, s\u2019hagi de despla\u00e7ar en cadira de rodes, i va explicar als alumnes com \u00e9s la seva vida des d\u2019aquell fat\u00eddic moment.<\/p>\n<p style=\"text-align: justify;\">Des del nostre Institut volem agrair als ponents la seva visita i que hagin compartit amb nosaltres les seves experi\u00e8ncies.<\/p>\n<p><a href=\"https:\/\/agora.xtec.cat\/iescapnorfeu\/wp-content\/uploads\/usu2070\/2022\/06\/20220531_113750-1-scaled.jpg\"><img loading=\"lazy\" decoding=\"async\" class=\"alignleft size-large wp-image-2625\" src=\"https:\/\/agora.xtec.cat\/iescapnorfeu\/wp-content\/uploads\/usu2070\/2022\/06\/20220531_113750-1-1024x576.jpg\" alt=\"\" width=\"1024\" height=\"576\" srcset=\"https:\/\/agora.xtec.cat\/iescapnorfeu\/wp-content\/uploads\/usu2070\/2022\/06\/20220531_113750-1-1024x576.jpg 1024w, https:\/\/agora.xtec.cat\/iescapnorfeu\/wp-content\/uploads\/usu2070\/2022\/06\/20220531_113750-1-300x169.jpg 300w, https:\/\/agora.xtec.cat\/iescapnorfeu\/wp-content\/uploads\/usu2070\/2022\/06\/20220531_113750-1-768x432.jpg 768w, https:\/\/agora.xtec.cat\/iescapnorfeu\/wp-content\/uploads\/usu2070\/2022\/06\/20220531_113750-1-1536x864.jpg 1536w, https:\/\/agora.xtec.cat\/iescapnorfeu\/wp-content\/uploads\/usu2070\/2022\/06\/20220531_113750-1-2048x1152.jpg 2048w\" sizes=\"auto, (max-width: 1024px) 100vw, 1024px\" \/><\/a><\/p>\n","protected":false},"excerpt":{"rendered":"<p>La xerrada va tenir lloc el passat 31 de maig i va anar a c\u00e0rrec del Sr. Narc\u00eds Heras, del Departament de Benestar Social de l\u2019Ajuntament de Roses, i del Sr. Jordi Morales, de l\u2019Associaci\u00f3 de Prevenci\u00f3 d\u2019Accidents de Tr\u00e0nsit. El Sr. Morales, molt amablement,&hellip;  <a href=\"https:\/\/agora.xtec.cat\/iescapnorfeu\/general\/conscienciaciacio-sobre-els-accidents-de-transit\/\" title=\"Read CONSCIENCIACI\u00d3 SOBRE ELS ACCIDENTS DE TR\u00c0NSIT\">Llegeix m\u00e9s\u00bb<\/a><\/p>\n","protected":false},"author":1,"featured_media":0,"comment_status":"open","ping_status":"closed","sticky":false,"template":"","format":"standard","meta":{"_bbp_topic_count":0,"_bbp_reply_count":0,"_bbp_total_topic_count":0,"_bbp_total_reply_count":0,"_bbp_voice_count":0,"_bbp_anonymous_reply_count":0,"_bbp_topic_count_hidden":0,"_bbp_reply_count_hidden":0,"_bbp_forum_subforum_count":0,"footnotes":""},"categories":[1,29],"tags":[],"class_list":["post-2624","post","type-post","status-publish","format-standard","hentry","category-general","category-portada"],"post_mailing_queue_ids":[],"_links":{"self":[{"href":"https:\/\/agora.xtec.cat\/iescapnorfeu\/wp-json\/wp\/v2\/posts\/2624","targetHints":{"allow":["GET"]}}],"collection":[{"href":"https:\/\/agora.xtec.cat\/iescapnorfeu\/wp-json\/wp\/v2\/posts"}],"about":[{"href":"https:\/\/agora.xtec.cat\/iescapnorfeu\/wp-json\/wp\/v2\/types\/post"}],"author":[{"embeddable":true,"href":"https:\/\/agora.xtec.cat\/iescapnorfeu\/wp-json\/wp\/v2\/users\/1"}],"replies":[{"embeddable":true,"href":"https:\/\/agora.xtec.cat\/iescapnorfeu\/wp-json\/wp\/v2\/comments?post=2624"}],"version-history":[{"count":2,"href":"https:\/\/agora.xtec.cat\/iescapnorfeu\/wp-json\/wp\/v2\/posts\/2624\/revisions"}],"predecessor-version":[{"id":2627,"href":"https:\/\/agora.xtec.cat\/iescapnorfeu\/wp-json\/wp\/v2\/posts\/2624\/revisions\/2627"}],"wp:attachment":[{"href":"https:\/\/agora.xtec.cat\/iescapnorfeu\/wp-json\/wp\/v2\/media?parent=2624"}],"wp:term":[{"taxonomy":"category","embeddable":true,"href":"https:\/\/agora.xtec.cat\/iescapnorfeu\/wp-json\/wp\/v2\/categories?post=2624"},{"taxonomy":"post_tag","embeddable":true,"href":"https:\/\/agora.xtec.cat\/iescapnorfeu\/wp-json\/wp\/v2\/tags?post=2624"}],"curies":[{"name":"wp","href":"https:\/\/api.w.org\/{rel}","templated":true}]}}