{"id":2611,"date":"2022-06-02T17:41:54","date_gmt":"2022-06-02T15:41:54","guid":{"rendered":"https:\/\/agora.xtec.cat\/iescapnorfeu\/?p=2611"},"modified":"2022-06-02T20:49:34","modified_gmt":"2022-06-02T18:49:34","slug":"xvi-premis-tdr-ajuntament-de-roses","status":"publish","type":"post","link":"https:\/\/agora.xtec.cat\/iescapnorfeu\/general\/xvi-premis-tdr-ajuntament-de-roses\/","title":{"rendered":"XVI PREMIS TDR AJUNTAMENT DE ROSES"},"content":{"rendered":"<p style=\"text-align: justify;\">Aquest dimecres 1 de juny ha tingut lloc al Teatre Municipal de Roses l\u2019acte de lliurament dels XVI Premis de Treballs de Recerca de Roses.<\/p>\n<p style=\"text-align: justify;\">L\u2019objectiu d\u2019aquesta convocat\u00f2ria \u00e9s potenciar l\u2019esperit de recerca entre l\u2019alumnat de Roses i donar a con\u00e8ixer els treballs d\u2019investigaci\u00f3 que es porten a terme en el nostre municipi.<\/p>\n<p style=\"text-align: justify;\">Aquests premis valoren l\u2019originalitat i la creativitat en la tria del tema, la metodologia emprada, el rigor i el tractament cient\u00edfic en la seva elaboraci\u00f3, la capacitat de resoldre els problemes que van sorgint en el proc\u00e9s aix\u00ed com la presentaci\u00f3 i correcci\u00f3 dels treballs presentats.<\/p>\n<p style=\"text-align: justify;\">Enguany el nostre institut ha presentat dos magn\u00edfics treballs a c\u00e0rrec de l\u2019Anna Taulera Deulofeu, amb el &#8220;Projecte d\u2019intervenci\u00f3 a Punta Falconera&#8221; i la Berta Gonz\u00e1lez Velasco amb: \u201cEl Gambi Clim\u00e0tic. \u2002La gamba vermella del cap de Creus davant el repte de la crisi clim\u00e0tica\u201d. Malauradament, la segona proposta no ha estat admesa segons les bases establertes en el concurs, decisi\u00f3 no compartida des del nostre institut.<\/p>\n<p style=\"text-align: justify;\">En tot cas, volem felicitar l\u2019Anna i la Berta i les seves tutores l\u2019Amaya Unzurrunzaga i la Carme Lorente per la seva passi\u00f3, el seu talent i el seu esfor\u00e7 havent obtingut un resultats excel\u00b7lents.<\/p>\n<p><a href=\"https:\/\/agora.xtec.cat\/iescapnorfeu\/wp-content\/uploads\/usu2070\/2022\/06\/TdR-2022-2.jpg\"><img loading=\"lazy\" decoding=\"async\" class=\"alignleft size-large wp-image-2619\" src=\"https:\/\/agora.xtec.cat\/iescapnorfeu\/wp-content\/uploads\/usu2070\/2022\/06\/TdR-2022-2-1024x477.jpg\" alt=\"\" width=\"1024\" height=\"477\" srcset=\"https:\/\/agora.xtec.cat\/iescapnorfeu\/wp-content\/uploads\/usu2070\/2022\/06\/TdR-2022-2-1024x477.jpg 1024w, https:\/\/agora.xtec.cat\/iescapnorfeu\/wp-content\/uploads\/usu2070\/2022\/06\/TdR-2022-2-300x140.jpg 300w, https:\/\/agora.xtec.cat\/iescapnorfeu\/wp-content\/uploads\/usu2070\/2022\/06\/TdR-2022-2-768x358.jpg 768w, https:\/\/agora.xtec.cat\/iescapnorfeu\/wp-content\/uploads\/usu2070\/2022\/06\/TdR-2022-2.jpg 1490w\" sizes=\"auto, (max-width: 1024px) 100vw, 1024px\" \/><\/a><\/p>\n","protected":false},"excerpt":{"rendered":"<p>Aquest dimecres 1 de juny ha tingut lloc al Teatre Municipal de Roses l\u2019acte de lliurament dels XVI Premis de Treballs de Recerca de Roses.<br \/>\nL\u2019objectiu d\u2019aquesta convocat\u00f2ria \u00e9s potenciar l\u2019esperit de recerca entre l\u2019alumnat de Roses i donar a con\u00e8ixer els treballs d\u2019investigaci\u00f3 que es&hellip;  <a href=\"https:\/\/agora.xtec.cat\/iescapnorfeu\/general\/xvi-premis-tdr-ajuntament-de-roses\/\" title=\"Read XVI PREMIS TDR AJUNTAMENT DE ROSES\">Llegeix m\u00e9s\u00bb<\/a><\/p>\n","protected":false},"author":1,"featured_media":0,"comment_status":"open","ping_status":"closed","sticky":false,"template":"","format":"standard","meta":{"_bbp_topic_count":0,"_bbp_reply_count":0,"_bbp_total_topic_count":0,"_bbp_total_reply_count":0,"_bbp_voice_count":0,"_bbp_anonymous_reply_count":0,"_bbp_topic_count_hidden":0,"_bbp_reply_count_hidden":0,"_bbp_forum_subforum_count":0,"footnotes":""},"categories":[1,29],"tags":[],"class_list":["post-2611","post","type-post","status-publish","format-standard","hentry","category-general","category-portada"],"post_mailing_queue_ids":[],"_links":{"self":[{"href":"https:\/\/agora.xtec.cat\/iescapnorfeu\/wp-json\/wp\/v2\/posts\/2611","targetHints":{"allow":["GET"]}}],"collection":[{"href":"https:\/\/agora.xtec.cat\/iescapnorfeu\/wp-json\/wp\/v2\/posts"}],"about":[{"href":"https:\/\/agora.xtec.cat\/iescapnorfeu\/wp-json\/wp\/v2\/types\/post"}],"author":[{"embeddable":true,"href":"https:\/\/agora.xtec.cat\/iescapnorfeu\/wp-json\/wp\/v2\/users\/1"}],"replies":[{"embeddable":true,"href":"https:\/\/agora.xtec.cat\/iescapnorfeu\/wp-json\/wp\/v2\/comments?post=2611"}],"version-history":[{"count":3,"href":"https:\/\/agora.xtec.cat\/iescapnorfeu\/wp-json\/wp\/v2\/posts\/2611\/revisions"}],"predecessor-version":[{"id":2620,"href":"https:\/\/agora.xtec.cat\/iescapnorfeu\/wp-json\/wp\/v2\/posts\/2611\/revisions\/2620"}],"wp:attachment":[{"href":"https:\/\/agora.xtec.cat\/iescapnorfeu\/wp-json\/wp\/v2\/media?parent=2611"}],"wp:term":[{"taxonomy":"category","embeddable":true,"href":"https:\/\/agora.xtec.cat\/iescapnorfeu\/wp-json\/wp\/v2\/categories?post=2611"},{"taxonomy":"post_tag","embeddable":true,"href":"https:\/\/agora.xtec.cat\/iescapnorfeu\/wp-json\/wp\/v2\/tags?post=2611"}],"curies":[{"name":"wp","href":"https:\/\/api.w.org\/{rel}","templated":true}]}}