{"id":2593,"date":"2022-05-30T13:12:22","date_gmt":"2022-05-30T11:12:22","guid":{"rendered":"https:\/\/agora.xtec.cat\/iescapnorfeu\/?p=2593"},"modified":"2022-06-10T16:50:33","modified_gmt":"2022-06-10T14:50:33","slug":"acte-de-graduacio-de-2n-de-batxillerat-2","status":"publish","type":"post","link":"https:\/\/agora.xtec.cat\/iescapnorfeu\/general\/acte-de-graduacio-de-2n-de-batxillerat-2\/","title":{"rendered":"ACTE DE GRADUACI\u00d3 DE 2n DE BATXILLERAT"},"content":{"rendered":"<p>El divendres 27 de maig, l\u2019alumnat de 2n de Batxillerat va acomiadar el seu pas pel centre amb un emotiu acte de graduaci\u00f3. Els delegats dels tres grups de la promoci\u00f3 2020-2022 van emocionar tant a fam\u00edlies com a professors amb els seus discursos, recordant els sis anys que han compartit amb els seus companys al centre i finalitzant amb un sentit \u201cUn cop Norfeu, Norfeu sempre!\u201d.<br \/>\nActe seguit, es va procedir a l\u2019entrega de diplomes i orles i l\u2019acte va finalitzar amb les fotografies individuals i de grup que podeu veure a l\u2019enlla\u00e7 que us adjuntem.<br \/>\nDes del centre, esperem que tots els alumnes aconsegueixin accedir als estudis que desitgen i acompleixin els seus somnis.<br \/>\nMolta sort a tots!!!<\/p>\n<p><a href=\"https:\/\/agora.xtec.cat\/iescapnorfeu\/wp-content\/uploads\/usu2070\/2022\/05\/20220530_105529-scaled.jpg\"><img loading=\"lazy\" decoding=\"async\" class=\"alignleft size-large wp-image-2594\" src=\"https:\/\/agora.xtec.cat\/iescapnorfeu\/wp-content\/uploads\/usu2070\/2022\/05\/20220530_105529-1024x1024.jpg\" alt=\"\" width=\"1024\" height=\"1024\" srcset=\"https:\/\/agora.xtec.cat\/iescapnorfeu\/wp-content\/uploads\/usu2070\/2022\/05\/20220530_105529-1024x1024.jpg 1024w, https:\/\/agora.xtec.cat\/iescapnorfeu\/wp-content\/uploads\/usu2070\/2022\/05\/20220530_105529-300x300.jpg 300w, https:\/\/agora.xtec.cat\/iescapnorfeu\/wp-content\/uploads\/usu2070\/2022\/05\/20220530_105529-150x150.jpg 150w, https:\/\/agora.xtec.cat\/iescapnorfeu\/wp-content\/uploads\/usu2070\/2022\/05\/20220530_105529-768x768.jpg 768w, https:\/\/agora.xtec.cat\/iescapnorfeu\/wp-content\/uploads\/usu2070\/2022\/05\/20220530_105529-1536x1536.jpg 1536w, https:\/\/agora.xtec.cat\/iescapnorfeu\/wp-content\/uploads\/usu2070\/2022\/05\/20220530_105529-2048x2048.jpg 2048w\" sizes=\"auto, (max-width: 1024px) 100vw, 1024px\" \/><\/a><\/p>\n<p>&nbsp;<\/p>\n<p><a href=\"https:\/\/photos.app.goo.gl\/DiRgU7hR4Lrx5NNS7\" target=\"_blank\" rel=\"noopener\">FOTOS DE LA GRADUACI\u00d3<\/a><\/p>\n","protected":false},"excerpt":{"rendered":"<p>El divendres 27 de maig, l\u2019alumnat de 2n de Batxillerat va acomiadar el seu pas pel centre amb un emotiu acte de graduaci\u00f3. Els delegats dels tres grups de la promoci\u00f3 2020-2022 van emocionar tant a fam\u00edlies com a professors amb els seus discursos, recordant&hellip;  <a href=\"https:\/\/agora.xtec.cat\/iescapnorfeu\/general\/acte-de-graduacio-de-2n-de-batxillerat-2\/\" title=\"Read ACTE DE GRADUACI\u00d3 DE 2n DE BATXILLERAT\">Llegeix m\u00e9s\u00bb<\/a><\/p>\n","protected":false},"author":1,"featured_media":0,"comment_status":"open","ping_status":"closed","sticky":false,"template":"","format":"standard","meta":{"_bbp_topic_count":0,"_bbp_reply_count":0,"_bbp_total_topic_count":0,"_bbp_total_reply_count":0,"_bbp_voice_count":0,"_bbp_anonymous_reply_count":0,"_bbp_topic_count_hidden":0,"_bbp_reply_count_hidden":0,"_bbp_forum_subforum_count":0,"footnotes":""},"categories":[1,29],"tags":[],"class_list":["post-2593","post","type-post","status-publish","format-standard","hentry","category-general","category-portada"],"post_mailing_queue_ids":[],"_links":{"self":[{"href":"https:\/\/agora.xtec.cat\/iescapnorfeu\/wp-json\/wp\/v2\/posts\/2593","targetHints":{"allow":["GET"]}}],"collection":[{"href":"https:\/\/agora.xtec.cat\/iescapnorfeu\/wp-json\/wp\/v2\/posts"}],"about":[{"href":"https:\/\/agora.xtec.cat\/iescapnorfeu\/wp-json\/wp\/v2\/types\/post"}],"author":[{"embeddable":true,"href":"https:\/\/agora.xtec.cat\/iescapnorfeu\/wp-json\/wp\/v2\/users\/1"}],"replies":[{"embeddable":true,"href":"https:\/\/agora.xtec.cat\/iescapnorfeu\/wp-json\/wp\/v2\/comments?post=2593"}],"version-history":[{"count":3,"href":"https:\/\/agora.xtec.cat\/iescapnorfeu\/wp-json\/wp\/v2\/posts\/2593\/revisions"}],"predecessor-version":[{"id":2645,"href":"https:\/\/agora.xtec.cat\/iescapnorfeu\/wp-json\/wp\/v2\/posts\/2593\/revisions\/2645"}],"wp:attachment":[{"href":"https:\/\/agora.xtec.cat\/iescapnorfeu\/wp-json\/wp\/v2\/media?parent=2593"}],"wp:term":[{"taxonomy":"category","embeddable":true,"href":"https:\/\/agora.xtec.cat\/iescapnorfeu\/wp-json\/wp\/v2\/categories?post=2593"},{"taxonomy":"post_tag","embeddable":true,"href":"https:\/\/agora.xtec.cat\/iescapnorfeu\/wp-json\/wp\/v2\/tags?post=2593"}],"curies":[{"name":"wp","href":"https:\/\/api.w.org\/{rel}","templated":true}]}}