{"id":2590,"date":"2022-05-30T13:08:33","date_gmt":"2022-05-30T11:08:33","guid":{"rendered":"https:\/\/agora.xtec.cat\/iescapnorfeu\/?p=2590"},"modified":"2022-05-30T13:27:19","modified_gmt":"2022-05-30T11:27:19","slug":"xii-forum-de-treballs-de-recerca-de-lalt-emporda","status":"publish","type":"post","link":"https:\/\/agora.xtec.cat\/iescapnorfeu\/general\/xii-forum-de-treballs-de-recerca-de-lalt-emporda\/","title":{"rendered":"XII F\u00d2RUM DE TREBALLS DE RECERCA DE L&#8217;ALT EMPORD\u00c0"},"content":{"rendered":"<p style=\"text-align: justify;\">El dissabte 28 de maig el Grup de treball de coordinadors de batxillerat de l\u2019Alt Empord\u00e0 va organitzar el F\u00f2rum de Treballs de Recerca de l\u2019Alt Empord\u00e0.<\/p>\n<p style=\"text-align: justify;\">Aquesta jornada del f\u00f2rum t\u00e9 l\u2019objectiu de posar de relleu la qualitat de bona part dels treballs de recerca que es fan als nostres Instituts. 27 alumnes van presentar els resultats de la seva recerca sobre temes tant variats com el medi ambient, la immigraci\u00f3, el m\u00e0rqueting, la literatura, l\u2019addicci\u00f3 a les pantalles, etc.<\/p>\n<p style=\"text-align: justify;\">La Sara Scwabe ens ha representat amb un treball cient\u00edfic de rigorosa actualitat: <strong>Higiene de mans. El millor m\u00e8tode per eliminar microorganismes de les mans<\/strong>. La seva tutora la Carme Lorente ens explica com la Sara a partir de la pand\u00e8mia de la Covid-19 i la insist\u00e8ncia en la higiene de mans va decidir estudiar els diferents m\u00e8todes de rentat de mans i fer un experiment per saber quin m\u00e8tode \u00e9s el millor.<\/p>\n<p style=\"text-align: justify;\">A la presentaci\u00f3 de l\u2019acte van participar l\u2019alcadessa de Llan\u00e7\u00e0 i el director dels Serveis Territorials de Girona Adam Many\u00e9 que ha destacat el TdR com una pe\u00e7a clau del sistema educatiu catal\u00e0: \u201chi ha treballs de recerca que poden ser llavors de futures tesis!\u201d I un clar exemple n\u2019\u00e9s el ponent convidat d\u2019enguany, en Marc Gim\u00e9nez, exalumne de l\u2019Institut de Llan\u00e7\u00e0 i actualment Doctor en Ci\u00e8ncies Naturals i professor a la Universitat de Salzburg ( \u00c0ustria ). En Marc va encoratjar a tots els alumnes ponents a continuar en el m\u00f3n de la recerca, un cam\u00ed llarg i no sempre f\u00e0cil, per\u00f2 que porta a la transformaci\u00f3 i la millora de la societat.<\/p>\n<p><a href=\"https:\/\/agora.xtec.cat\/iescapnorfeu\/wp-content\/uploads\/usu2070\/2022\/05\/IMG-3386-scaled.jpg\"><img loading=\"lazy\" decoding=\"async\" class=\"alignleft size-large wp-image-2591\" src=\"https:\/\/agora.xtec.cat\/iescapnorfeu\/wp-content\/uploads\/usu2070\/2022\/05\/IMG-3386-768x1024.jpg\" alt=\"\" width=\"768\" height=\"1024\" srcset=\"https:\/\/agora.xtec.cat\/iescapnorfeu\/wp-content\/uploads\/usu2070\/2022\/05\/IMG-3386-768x1024.jpg 768w, https:\/\/agora.xtec.cat\/iescapnorfeu\/wp-content\/uploads\/usu2070\/2022\/05\/IMG-3386-225x300.jpg 225w, https:\/\/agora.xtec.cat\/iescapnorfeu\/wp-content\/uploads\/usu2070\/2022\/05\/IMG-3386-1152x1536.jpg 1152w, https:\/\/agora.xtec.cat\/iescapnorfeu\/wp-content\/uploads\/usu2070\/2022\/05\/IMG-3386-1536x2048.jpg 1536w, https:\/\/agora.xtec.cat\/iescapnorfeu\/wp-content\/uploads\/usu2070\/2022\/05\/IMG-3386-scaled.jpg 1920w\" sizes=\"auto, (max-width: 768px) 100vw, 768px\" \/><\/a><\/p>\n","protected":false},"excerpt":{"rendered":"<p>El dissabte 28 de maig el Grup de treball de coordinadors de batxillerat de l\u2019Alt Empord\u00e0 va organitzar el F\u00f2rum de Treballs de Recerca de l\u2019Alt Empord\u00e0.<br \/>\nAquesta jornada del f\u00f2rum t\u00e9 l\u2019objectiu de posar de relleu la qualitat de bona part dels treballs de recerca&hellip;  <a href=\"https:\/\/agora.xtec.cat\/iescapnorfeu\/general\/xii-forum-de-treballs-de-recerca-de-lalt-emporda\/\" title=\"Read XII F\u00d2RUM DE TREBALLS DE RECERCA DE L&#8217;ALT EMPORD\u00c0\">Llegeix m\u00e9s\u00bb<\/a><\/p>\n","protected":false},"author":1,"featured_media":0,"comment_status":"open","ping_status":"closed","sticky":false,"template":"","format":"standard","meta":{"_bbp_topic_count":0,"_bbp_reply_count":0,"_bbp_total_topic_count":0,"_bbp_total_reply_count":0,"_bbp_voice_count":0,"_bbp_anonymous_reply_count":0,"_bbp_topic_count_hidden":0,"_bbp_reply_count_hidden":0,"_bbp_forum_subforum_count":0,"footnotes":""},"categories":[1,29],"tags":[],"class_list":["post-2590","post","type-post","status-publish","format-standard","hentry","category-general","category-portada"],"post_mailing_queue_ids":[],"_links":{"self":[{"href":"https:\/\/agora.xtec.cat\/iescapnorfeu\/wp-json\/wp\/v2\/posts\/2590","targetHints":{"allow":["GET"]}}],"collection":[{"href":"https:\/\/agora.xtec.cat\/iescapnorfeu\/wp-json\/wp\/v2\/posts"}],"about":[{"href":"https:\/\/agora.xtec.cat\/iescapnorfeu\/wp-json\/wp\/v2\/types\/post"}],"author":[{"embeddable":true,"href":"https:\/\/agora.xtec.cat\/iescapnorfeu\/wp-json\/wp\/v2\/users\/1"}],"replies":[{"embeddable":true,"href":"https:\/\/agora.xtec.cat\/iescapnorfeu\/wp-json\/wp\/v2\/comments?post=2590"}],"version-history":[{"count":3,"href":"https:\/\/agora.xtec.cat\/iescapnorfeu\/wp-json\/wp\/v2\/posts\/2590\/revisions"}],"predecessor-version":[{"id":2598,"href":"https:\/\/agora.xtec.cat\/iescapnorfeu\/wp-json\/wp\/v2\/posts\/2590\/revisions\/2598"}],"wp:attachment":[{"href":"https:\/\/agora.xtec.cat\/iescapnorfeu\/wp-json\/wp\/v2\/media?parent=2590"}],"wp:term":[{"taxonomy":"category","embeddable":true,"href":"https:\/\/agora.xtec.cat\/iescapnorfeu\/wp-json\/wp\/v2\/categories?post=2590"},{"taxonomy":"post_tag","embeddable":true,"href":"https:\/\/agora.xtec.cat\/iescapnorfeu\/wp-json\/wp\/v2\/tags?post=2590"}],"curies":[{"name":"wp","href":"https:\/\/api.w.org\/{rel}","templated":true}]}}