{"id":2587,"date":"2022-05-30T22:58:31","date_gmt":"2022-05-30T20:58:31","guid":{"rendered":"https:\/\/agora.xtec.cat\/iescapnorfeu\/?p=2587"},"modified":"2022-06-20T22:25:08","modified_gmt":"2022-06-20T20:25:08","slug":"lins-cap-norfeu-guardonat-amb-un-premi-baldiri-experiencies","status":"publish","type":"post","link":"https:\/\/agora.xtec.cat\/iescapnorfeu\/general\/lins-cap-norfeu-guardonat-amb-un-premi-baldiri-experiencies\/","title":{"rendered":"L\u2019INS CAP NORFEU GUARDONAT AMB UN PREMI &#8220;BALDIRI EXPERI\u00c8NCIES&#8221;"},"content":{"rendered":"<p style=\"text-align: justify;\">Aquesta setmana hem rebut la bona not\u00edcia que la Fundaci\u00f3 Carulla, a trav\u00e9s del seu Premi Baldiri i Reixac \u201cExperi\u00e8ncies\u201d, reconeix la tasca dels alumnes de 4t d\u2019ESO del passat curs 2020\/21 en la posada en pr\u00e0ctica del projecte de \u201cVibrar\u2019t_Norfeu: un projecte art\u00edstic i de coeducaci\u00f3 en \u00e8poca de pand\u00e8mia\u201d, amb el qual, entre altres objectius, l\u2019alumnat va aconseguir fer difusi\u00f3 dels valors que porten a la igualtat de g\u00e8nere, la prevenci\u00f3 de la viol\u00e8ncia masclista i el respecte per la diversitat afectivosexual.<br \/>\nAquest projecte va ser liderat per les artistes Laia Ros\u00e9s i la Irene Lasus, dues emprenedores socials rosinques, i acompanyat pel suport de les tutores: Maria Padilla, Vida Xargay, Pilar Robert, Amaya Unzurrunzaga i Anna Gonz\u00e1lez.<\/p>\n<p style=\"text-align: justify;\">L\u2019acte de lliurament ser\u00e0 el proper diumenge 19 de juny al Museu de la Vida Rural de l\u2019Espluga de Francol\u00ed.<\/p>\n<p><a href=\"https:\/\/agora.xtec.cat\/iescapnorfeu\/wp-content\/uploads\/usu2070\/2022\/05\/PremisBaldiri.jpg\"><img loading=\"lazy\" decoding=\"async\" class=\"alignleft size-large wp-image-2588\" src=\"https:\/\/agora.xtec.cat\/iescapnorfeu\/wp-content\/uploads\/usu2070\/2022\/05\/PremisBaldiri-1024x1024.jpg\" alt=\"\" width=\"1024\" height=\"1024\" srcset=\"https:\/\/agora.xtec.cat\/iescapnorfeu\/wp-content\/uploads\/usu2070\/2022\/05\/PremisBaldiri-1024x1024.jpg 1024w, https:\/\/agora.xtec.cat\/iescapnorfeu\/wp-content\/uploads\/usu2070\/2022\/05\/PremisBaldiri-300x300.jpg 300w, https:\/\/agora.xtec.cat\/iescapnorfeu\/wp-content\/uploads\/usu2070\/2022\/05\/PremisBaldiri-150x150.jpg 150w, https:\/\/agora.xtec.cat\/iescapnorfeu\/wp-content\/uploads\/usu2070\/2022\/05\/PremisBaldiri-768x768.jpg 768w, https:\/\/agora.xtec.cat\/iescapnorfeu\/wp-content\/uploads\/usu2070\/2022\/05\/PremisBaldiri.jpg 1200w\" sizes=\"auto, (max-width: 1024px) 100vw, 1024px\" \/><\/a><\/p>\n","protected":false},"excerpt":{"rendered":"<p>Aquesta setmana hem rebut la bona not\u00edcia que la Fundaci\u00f3 Carulla, a trav\u00e9s del seu Premi Baldiri i Reixac \u201cExperi\u00e8ncies\u201d, reconeix la tasca dels alumnes de 4t d\u2019ESO del passat curs 2020\/21 en la posada en pr\u00e0ctica del projecte de \u201cVibrar\u2019t_Norfeu: un projecte art\u00edstic i&hellip;  <a href=\"https:\/\/agora.xtec.cat\/iescapnorfeu\/general\/lins-cap-norfeu-guardonat-amb-un-premi-baldiri-experiencies\/\" title=\"Read L\u2019INS CAP NORFEU GUARDONAT AMB UN PREMI &#8220;BALDIRI EXPERI\u00c8NCIES&#8221;\">Llegeix m\u00e9s\u00bb<\/a><\/p>\n","protected":false},"author":1,"featured_media":0,"comment_status":"open","ping_status":"closed","sticky":false,"template":"","format":"standard","meta":{"_bbp_topic_count":0,"_bbp_reply_count":0,"_bbp_total_topic_count":0,"_bbp_total_reply_count":0,"_bbp_voice_count":0,"_bbp_anonymous_reply_count":0,"_bbp_topic_count_hidden":0,"_bbp_reply_count_hidden":0,"_bbp_forum_subforum_count":0,"footnotes":""},"categories":[1,29],"tags":[],"class_list":["post-2587","post","type-post","status-publish","format-standard","hentry","category-general","category-portada"],"post_mailing_queue_ids":[],"_links":{"self":[{"href":"https:\/\/agora.xtec.cat\/iescapnorfeu\/wp-json\/wp\/v2\/posts\/2587","targetHints":{"allow":["GET"]}}],"collection":[{"href":"https:\/\/agora.xtec.cat\/iescapnorfeu\/wp-json\/wp\/v2\/posts"}],"about":[{"href":"https:\/\/agora.xtec.cat\/iescapnorfeu\/wp-json\/wp\/v2\/types\/post"}],"author":[{"embeddable":true,"href":"https:\/\/agora.xtec.cat\/iescapnorfeu\/wp-json\/wp\/v2\/users\/1"}],"replies":[{"embeddable":true,"href":"https:\/\/agora.xtec.cat\/iescapnorfeu\/wp-json\/wp\/v2\/comments?post=2587"}],"version-history":[{"count":3,"href":"https:\/\/agora.xtec.cat\/iescapnorfeu\/wp-json\/wp\/v2\/posts\/2587\/revisions"}],"predecessor-version":[{"id":2684,"href":"https:\/\/agora.xtec.cat\/iescapnorfeu\/wp-json\/wp\/v2\/posts\/2587\/revisions\/2684"}],"wp:attachment":[{"href":"https:\/\/agora.xtec.cat\/iescapnorfeu\/wp-json\/wp\/v2\/media?parent=2587"}],"wp:term":[{"taxonomy":"category","embeddable":true,"href":"https:\/\/agora.xtec.cat\/iescapnorfeu\/wp-json\/wp\/v2\/categories?post=2587"},{"taxonomy":"post_tag","embeddable":true,"href":"https:\/\/agora.xtec.cat\/iescapnorfeu\/wp-json\/wp\/v2\/tags?post=2587"}],"curies":[{"name":"wp","href":"https:\/\/api.w.org\/{rel}","templated":true}]}}