{"id":2581,"date":"2022-05-27T11:22:28","date_gmt":"2022-05-27T09:22:28","guid":{"rendered":"https:\/\/agora.xtec.cat\/iescapnorfeu\/?p=2581"},"modified":"2022-05-27T13:36:01","modified_gmt":"2022-05-27T11:36:01","slug":"fira-de-cooperatives-dinstituts-gironins-25-5-22","status":"publish","type":"post","link":"https:\/\/agora.xtec.cat\/iescapnorfeu\/general\/fira-de-cooperatives-dinstituts-gironins-25-5-22\/","title":{"rendered":"FIRA DE COOPERATIVES D\u2019INSTITUTS GIRONINS 25\/5\/22"},"content":{"rendered":"<p style=\"text-align: justify;\">La Cooperativa Fastercoop, Coop creada pels alumnes de primer de grau mitj\u00e0 en Gesti\u00f3 Administrativa ha participat en el mercat de cooperatives, juntament amb altres Instituts de la prov\u00edncia de Girona. L\u2019activitat ha estat impulsada per l\u2019Ateneu Cooperatiu Terres Gironines.<br \/>\nL\u2019acte s\u2019ha iniciat amb la presentaci\u00f3 per part del Sr. Marcel Gutinell de la Cooperativa geoambiental Gisfera que ens ha ofert una interessant xerrada sobre el canvi de sensibilitat envers la natura, de com despertar la consci\u00e8ncia perqu\u00e8 les nostres accions i decisions repercuteixin de manera positiva a la sostenibilitat del planeta, la conservaci\u00f3 de la biodiversitat i la cura del nostre entorn natural. Sense deixar de banda els valors cooperatius amb qu\u00e8 s\u2019arriba a una societat m\u00e9s justa i sostenible.<br \/>\nTot seguit ens hem dirigit a l\u2019empla\u00e7ament firal on hem muntat la parada juntament amb la resta d\u2019Instituts, amb productes de proximitat, com el Fumet de peix de Roses i el producte estrella del nostre Institut: les plantes que els companys\/es de quart d\u2019ESO cuiden dins del projecte @hortalitza_t_norfeu. La venda ha estat un \u00e8xit, s\u2019ha pogut recuperar l\u2019aportaci\u00f3 que va fer cada alumne\/a i obtenir beneficis, el 40% dels quals s\u2019han aportat a la Fundaci\u00f3 Roses Contra el C\u00e0ncer.<\/p>\n<p><a href=\"https:\/\/agora.xtec.cat\/iescapnorfeu\/wp-content\/uploads\/usu2070\/2022\/05\/FIra-Cooperatives-GI-250522-3.jpg\"><img loading=\"lazy\" decoding=\"async\" class=\"alignleft size-full wp-image-2584\" src=\"https:\/\/agora.xtec.cat\/iescapnorfeu\/wp-content\/uploads\/usu2070\/2022\/05\/FIra-Cooperatives-GI-250522-3.jpg\" alt=\"\" width=\"1024\" height=\"768\" srcset=\"https:\/\/agora.xtec.cat\/iescapnorfeu\/wp-content\/uploads\/usu2070\/2022\/05\/FIra-Cooperatives-GI-250522-3.jpg 1024w, https:\/\/agora.xtec.cat\/iescapnorfeu\/wp-content\/uploads\/usu2070\/2022\/05\/FIra-Cooperatives-GI-250522-3-300x225.jpg 300w, https:\/\/agora.xtec.cat\/iescapnorfeu\/wp-content\/uploads\/usu2070\/2022\/05\/FIra-Cooperatives-GI-250522-3-768x576.jpg 768w, https:\/\/agora.xtec.cat\/iescapnorfeu\/wp-content\/uploads\/usu2070\/2022\/05\/FIra-Cooperatives-GI-250522-3-200x150.jpg 200w\" sizes=\"auto, (max-width: 1024px) 100vw, 1024px\" \/><\/a><\/p>\n","protected":false},"excerpt":{"rendered":"<p>La Cooperativa Fastercoop, Coop creada pels alumnes de primer de grau mitj\u00e0 en Gesti\u00f3 Administrativa ha participat en el mercat de cooperatives, juntament amb altres Instituts de la prov\u00edncia de Girona. L\u2019activitat ha estat impulsada per l\u2019Ateneu Cooperatiu Terres Gironines.<br \/>\nL\u2019acte s\u2019ha iniciat amb la presentaci\u00f3&hellip;  <a href=\"https:\/\/agora.xtec.cat\/iescapnorfeu\/general\/fira-de-cooperatives-dinstituts-gironins-25-5-22\/\" title=\"Read FIRA DE COOPERATIVES D\u2019INSTITUTS GIRONINS 25\/5\/22\">Llegeix m\u00e9s\u00bb<\/a><\/p>\n","protected":false},"author":1,"featured_media":0,"comment_status":"open","ping_status":"closed","sticky":false,"template":"","format":"standard","meta":{"_bbp_topic_count":0,"_bbp_reply_count":0,"_bbp_total_topic_count":0,"_bbp_total_reply_count":0,"_bbp_voice_count":0,"_bbp_anonymous_reply_count":0,"_bbp_topic_count_hidden":0,"_bbp_reply_count_hidden":0,"_bbp_forum_subforum_count":0,"footnotes":""},"categories":[1,29],"tags":[],"class_list":["post-2581","post","type-post","status-publish","format-standard","hentry","category-general","category-portada"],"post_mailing_queue_ids":[],"_links":{"self":[{"href":"https:\/\/agora.xtec.cat\/iescapnorfeu\/wp-json\/wp\/v2\/posts\/2581","targetHints":{"allow":["GET"]}}],"collection":[{"href":"https:\/\/agora.xtec.cat\/iescapnorfeu\/wp-json\/wp\/v2\/posts"}],"about":[{"href":"https:\/\/agora.xtec.cat\/iescapnorfeu\/wp-json\/wp\/v2\/types\/post"}],"author":[{"embeddable":true,"href":"https:\/\/agora.xtec.cat\/iescapnorfeu\/wp-json\/wp\/v2\/users\/1"}],"replies":[{"embeddable":true,"href":"https:\/\/agora.xtec.cat\/iescapnorfeu\/wp-json\/wp\/v2\/comments?post=2581"}],"version-history":[{"count":3,"href":"https:\/\/agora.xtec.cat\/iescapnorfeu\/wp-json\/wp\/v2\/posts\/2581\/revisions"}],"predecessor-version":[{"id":2586,"href":"https:\/\/agora.xtec.cat\/iescapnorfeu\/wp-json\/wp\/v2\/posts\/2581\/revisions\/2586"}],"wp:attachment":[{"href":"https:\/\/agora.xtec.cat\/iescapnorfeu\/wp-json\/wp\/v2\/media?parent=2581"}],"wp:term":[{"taxonomy":"category","embeddable":true,"href":"https:\/\/agora.xtec.cat\/iescapnorfeu\/wp-json\/wp\/v2\/categories?post=2581"},{"taxonomy":"post_tag","embeddable":true,"href":"https:\/\/agora.xtec.cat\/iescapnorfeu\/wp-json\/wp\/v2\/tags?post=2581"}],"curies":[{"name":"wp","href":"https:\/\/api.w.org\/{rel}","templated":true}]}}