{"id":2556,"date":"2022-05-15T20:30:53","date_gmt":"2022-05-15T18:30:53","guid":{"rendered":"https:\/\/agora.xtec.cat\/iescapnorfeu\/?p=2556"},"modified":"2022-06-10T16:51:04","modified_gmt":"2022-06-10T14:51:04","slug":"nova-col%c2%b7laboracio-amb-el-casal-dels-pescadors","status":"publish","type":"post","link":"https:\/\/agora.xtec.cat\/iescapnorfeu\/general\/nova-col%c2%b7laboracio-amb-el-casal-dels-pescadors\/","title":{"rendered":"NOVA COL\u00b7LABORACI\u00d3 AMB EL CASAL DELS PESCADORS"},"content":{"rendered":"<p style=\"text-align: justify;\">Aquest mes ha finalitzat el projecte d&#8217;Aprenentatge-servei portat a terme per alumnes de 2n de batxillerat en col.laboraci\u00f3 amb el Casal dels Pescadors de Roses, des de la mat\u00e8ria optativa de psico-sociologia.<br \/>\nSota el nom &#8220;Refor\u00e7 de mem\u00f2ria&#8221;, els alumnes han pogut realitzar una primera aproximaci\u00f3 als instruments i m\u00e8todes de recerca en sociologia, a la vegada que s&#8217;han implicat en l&#8217;organitzaci\u00f3 i la direcci\u00f3 d&#8217;un taller d&#8217;estimulaci\u00f3 cognitiva, adre\u00e7at a persones jubilades.<br \/>\nEn total han estat cinc interessants sessions intergeneracionals portades a terme a la seu del Casal, i que va tenir com a acte de tancament la visita de les \u00e0vies al nostre centre i la participaci\u00f3 conjunta en jocs did\u00e0ctics interactius amb el suport d&#8217;aplicacions m\u00f2bils.<br \/>\nUna bona experi\u00e8ncia que, sense cap mena de dubte, seria interessant poder repetir.<\/p>\n<p><a href=\"https:\/\/agora.xtec.cat\/iescapnorfeu\/wp-content\/uploads\/usu2070\/2022\/05\/1652026304979-1-scaled.jpg\"><img loading=\"lazy\" decoding=\"async\" class=\"alignleft size-large wp-image-2557\" src=\"https:\/\/agora.xtec.cat\/iescapnorfeu\/wp-content\/uploads\/usu2070\/2022\/05\/1652026304979-1-1024x461.jpg\" alt=\"\" width=\"1024\" height=\"461\" srcset=\"https:\/\/agora.xtec.cat\/iescapnorfeu\/wp-content\/uploads\/usu2070\/2022\/05\/1652026304979-1-1024x461.jpg 1024w, https:\/\/agora.xtec.cat\/iescapnorfeu\/wp-content\/uploads\/usu2070\/2022\/05\/1652026304979-1-300x135.jpg 300w, https:\/\/agora.xtec.cat\/iescapnorfeu\/wp-content\/uploads\/usu2070\/2022\/05\/1652026304979-1-768x346.jpg 768w, https:\/\/agora.xtec.cat\/iescapnorfeu\/wp-content\/uploads\/usu2070\/2022\/05\/1652026304979-1-1536x691.jpg 1536w, https:\/\/agora.xtec.cat\/iescapnorfeu\/wp-content\/uploads\/usu2070\/2022\/05\/1652026304979-1-2048x922.jpg 2048w\" sizes=\"auto, (max-width: 1024px) 100vw, 1024px\" \/><\/a><\/p>\n<p>&nbsp;<\/p>\n<p style=\"text-align: justify;\"><a href=\"https:\/\/photos.app.goo.gl\/5WUQyyQhQDugsTjCA\" target=\"_blank\" rel=\"noopener\">FOTOS CASAL DELS PESCADORS<\/a><\/p>\n","protected":false},"excerpt":{"rendered":"<p>Aquest mes ha finalitzat el projecte d&#8217;Aprenentatge-servei portat a terme per alumnes de 2n de batxillerat en col.laboraci\u00f3 amb el Casal dels Pescadors de Roses, des de la mat\u00e8ria optativa de psico-sociologia.<br \/>\nSota el nom &#8220;Refor\u00e7 de mem\u00f2ria&#8221;, els alumnes han pogut realitzar una primera aproximaci\u00f3&hellip;  <a href=\"https:\/\/agora.xtec.cat\/iescapnorfeu\/general\/nova-col%c2%b7laboracio-amb-el-casal-dels-pescadors\/\" title=\"Read NOVA COL\u00b7LABORACI\u00d3 AMB EL CASAL DELS PESCADORS\">Llegeix m\u00e9s\u00bb<\/a><\/p>\n","protected":false},"author":1,"featured_media":0,"comment_status":"open","ping_status":"closed","sticky":false,"template":"","format":"standard","meta":{"_bbp_topic_count":0,"_bbp_reply_count":0,"_bbp_total_topic_count":0,"_bbp_total_reply_count":0,"_bbp_voice_count":0,"_bbp_anonymous_reply_count":0,"_bbp_topic_count_hidden":0,"_bbp_reply_count_hidden":0,"_bbp_forum_subforum_count":0,"footnotes":""},"categories":[1,29],"tags":[],"class_list":["post-2556","post","type-post","status-publish","format-standard","hentry","category-general","category-portada"],"post_mailing_queue_ids":[],"_links":{"self":[{"href":"https:\/\/agora.xtec.cat\/iescapnorfeu\/wp-json\/wp\/v2\/posts\/2556","targetHints":{"allow":["GET"]}}],"collection":[{"href":"https:\/\/agora.xtec.cat\/iescapnorfeu\/wp-json\/wp\/v2\/posts"}],"about":[{"href":"https:\/\/agora.xtec.cat\/iescapnorfeu\/wp-json\/wp\/v2\/types\/post"}],"author":[{"embeddable":true,"href":"https:\/\/agora.xtec.cat\/iescapnorfeu\/wp-json\/wp\/v2\/users\/1"}],"replies":[{"embeddable":true,"href":"https:\/\/agora.xtec.cat\/iescapnorfeu\/wp-json\/wp\/v2\/comments?post=2556"}],"version-history":[{"count":3,"href":"https:\/\/agora.xtec.cat\/iescapnorfeu\/wp-json\/wp\/v2\/posts\/2556\/revisions"}],"predecessor-version":[{"id":2646,"href":"https:\/\/agora.xtec.cat\/iescapnorfeu\/wp-json\/wp\/v2\/posts\/2556\/revisions\/2646"}],"wp:attachment":[{"href":"https:\/\/agora.xtec.cat\/iescapnorfeu\/wp-json\/wp\/v2\/media?parent=2556"}],"wp:term":[{"taxonomy":"category","embeddable":true,"href":"https:\/\/agora.xtec.cat\/iescapnorfeu\/wp-json\/wp\/v2\/categories?post=2556"},{"taxonomy":"post_tag","embeddable":true,"href":"https:\/\/agora.xtec.cat\/iescapnorfeu\/wp-json\/wp\/v2\/tags?post=2556"}],"curies":[{"name":"wp","href":"https:\/\/api.w.org\/{rel}","templated":true}]}}