{"id":2521,"date":"2022-05-04T16:58:42","date_gmt":"2022-05-04T14:58:42","guid":{"rendered":"https:\/\/agora.xtec.cat\/iescapnorfeu\/?p=2521"},"modified":"2022-06-10T16:53:59","modified_gmt":"2022-06-10T14:53:59","slug":"la-diada-de-sant-jordi-2022-a-linstitut-cap-norfeu","status":"publish","type":"post","link":"https:\/\/agora.xtec.cat\/iescapnorfeu\/general\/la-diada-de-sant-jordi-2022-a-linstitut-cap-norfeu\/","title":{"rendered":"LA DIADA DE SANT JORDI 2022 A L\u2019INSTITUT CAP NORFEU"},"content":{"rendered":"<p style=\"text-align: justify;\">Un any m\u00e9s, i despr\u00e9s de dues edicions sense poder-se celebrar amb normalitat a causa de la pand\u00e8mia, l\u2019Institut Cap Norfeu va commemorar la diada de Sant Jordi organitzant la XV Marat\u00f3 Po\u00e8tica que, igual que en cursos anteriors, va ser tot un \u00e8xit de participaci\u00f3.<br \/>\nDes de les vuit del mat\u00ed fins a tres quarts de tres del migdia, el Gimn\u00e0s del nostre Institut va ser escenari de recitacions de poemes i de les finals dels concursos de Picalletres de 2n i 3r d\u2019ESO, en castell\u00e0 i catal\u00e0 respectivament, aix\u00ed com de la final del concurs de Trivial per a 4t d\u2019ESO.<br \/>\nTamb\u00e9 es va aprofitar la diada per retre un sentit i emotiu homenatge per part dels seus companys i professors a l\u2019alumne de 4t d\u2019ESO-C Dean Berta que ens va deixar en un tr\u00e0gic accident de moto a principi de curs. L\u2019acte va consistir en la plantada d\u2019un llimoner i d\u2019una capsa amb missatges a l\u2019hort del nostre Institut, aix\u00ed com en la lectura de dos textos.<br \/>\nFinalment, i com tamb\u00e9 ja \u00e9s tradicional, s\u2019ha procedit al lliurament de premis en les seves diverses categories. Podeu consultar els diversos guanyadors en aquest <a href=\"https:\/\/agora.xtec.cat\/iescapnorfeu\/wp-content\/uploads\/usu2070\/2022\/05\/LLISTAT-DE-PREMIS-SANT-JORDI-2022.pdf\" target=\"_blank\" rel=\"noopener\">enlla\u00e7<\/a>.<br \/>\nGr\u00e0cies a tothom per la seva implicaci\u00f3 i el seu inter\u00e8s. Sense la col\u00b7laboraci\u00f3 de tots els alumnes i de tot el Claustre de professors la jornada no hagu\u00e9s estat tan exitosa com ho va ser.<\/p>\n<p><a href=\"https:\/\/photos.app.goo.gl\/omBBaBvmoSHW9ZkL9\" target=\"_blank\" rel=\"noopener\">FOTOS DIADA SANT JORDI<\/a><\/p>\n<p><a href=\"https:\/\/agora.xtec.cat\/iescapnorfeu\/wp-content\/uploads\/usu2070\/2022\/05\/20220422_144257-1-scaled.jpg\"><img loading=\"lazy\" decoding=\"async\" class=\"alignleft size-large wp-image-2522\" src=\"https:\/\/agora.xtec.cat\/iescapnorfeu\/wp-content\/uploads\/usu2070\/2022\/05\/20220422_144257-1-1024x461.jpg\" alt=\"\" width=\"1024\" height=\"461\" srcset=\"https:\/\/agora.xtec.cat\/iescapnorfeu\/wp-content\/uploads\/usu2070\/2022\/05\/20220422_144257-1-1024x461.jpg 1024w, https:\/\/agora.xtec.cat\/iescapnorfeu\/wp-content\/uploads\/usu2070\/2022\/05\/20220422_144257-1-300x135.jpg 300w, https:\/\/agora.xtec.cat\/iescapnorfeu\/wp-content\/uploads\/usu2070\/2022\/05\/20220422_144257-1-768x346.jpg 768w, https:\/\/agora.xtec.cat\/iescapnorfeu\/wp-content\/uploads\/usu2070\/2022\/05\/20220422_144257-1-1536x692.jpg 1536w, https:\/\/agora.xtec.cat\/iescapnorfeu\/wp-content\/uploads\/usu2070\/2022\/05\/20220422_144257-1-2048x922.jpg 2048w\" sizes=\"auto, (max-width: 1024px) 100vw, 1024px\" \/><\/a><\/p>\n","protected":false},"excerpt":{"rendered":"<p>Un any m\u00e9s, i despr\u00e9s de dues edicions sense poder-se celebrar amb normalitat a causa de la pand\u00e8mia, l\u2019Institut Cap Norfeu va commemorar la diada de Sant Jordi organitzant la XV Marat\u00f3 Po\u00e8tica que, igual que en cursos anteriors, va ser tot un \u00e8xit de&hellip;  <a href=\"https:\/\/agora.xtec.cat\/iescapnorfeu\/general\/la-diada-de-sant-jordi-2022-a-linstitut-cap-norfeu\/\" title=\"Read LA DIADA DE SANT JORDI 2022 A L\u2019INSTITUT CAP NORFEU\">Llegeix m\u00e9s\u00bb<\/a><\/p>\n","protected":false},"author":1,"featured_media":0,"comment_status":"open","ping_status":"closed","sticky":false,"template":"","format":"standard","meta":{"_bbp_topic_count":0,"_bbp_reply_count":0,"_bbp_total_topic_count":0,"_bbp_total_reply_count":0,"_bbp_voice_count":0,"_bbp_anonymous_reply_count":0,"_bbp_topic_count_hidden":0,"_bbp_reply_count_hidden":0,"_bbp_forum_subforum_count":0,"footnotes":""},"categories":[1,29],"tags":[],"class_list":["post-2521","post","type-post","status-publish","format-standard","hentry","category-general","category-portada"],"post_mailing_queue_ids":[],"_links":{"self":[{"href":"https:\/\/agora.xtec.cat\/iescapnorfeu\/wp-json\/wp\/v2\/posts\/2521","targetHints":{"allow":["GET"]}}],"collection":[{"href":"https:\/\/agora.xtec.cat\/iescapnorfeu\/wp-json\/wp\/v2\/posts"}],"about":[{"href":"https:\/\/agora.xtec.cat\/iescapnorfeu\/wp-json\/wp\/v2\/types\/post"}],"author":[{"embeddable":true,"href":"https:\/\/agora.xtec.cat\/iescapnorfeu\/wp-json\/wp\/v2\/users\/1"}],"replies":[{"embeddable":true,"href":"https:\/\/agora.xtec.cat\/iescapnorfeu\/wp-json\/wp\/v2\/comments?post=2521"}],"version-history":[{"count":4,"href":"https:\/\/agora.xtec.cat\/iescapnorfeu\/wp-json\/wp\/v2\/posts\/2521\/revisions"}],"predecessor-version":[{"id":3032,"href":"https:\/\/agora.xtec.cat\/iescapnorfeu\/wp-json\/wp\/v2\/posts\/2521\/revisions\/3032"}],"wp:attachment":[{"href":"https:\/\/agora.xtec.cat\/iescapnorfeu\/wp-json\/wp\/v2\/media?parent=2521"}],"wp:term":[{"taxonomy":"category","embeddable":true,"href":"https:\/\/agora.xtec.cat\/iescapnorfeu\/wp-json\/wp\/v2\/categories?post=2521"},{"taxonomy":"post_tag","embeddable":true,"href":"https:\/\/agora.xtec.cat\/iescapnorfeu\/wp-json\/wp\/v2\/tags?post=2521"}],"curies":[{"name":"wp","href":"https:\/\/api.w.org\/{rel}","templated":true}]}}