{"id":2518,"date":"2022-04-25T09:52:29","date_gmt":"2022-04-25T07:52:29","guid":{"rendered":"https:\/\/agora.xtec.cat\/iescapnorfeu\/?p=2518"},"modified":"2022-04-25T09:52:29","modified_gmt":"2022-04-25T07:52:29","slug":"premis-juvenils-de-treballs-de-recerca-de-batxillerat-2022","status":"publish","type":"post","link":"https:\/\/agora.xtec.cat\/iescapnorfeu\/general\/premis-juvenils-de-treballs-de-recerca-de-batxillerat-2022\/","title":{"rendered":"PREMIS JUVENILS DE TREBALLS DE RECERCA DE BATXILLERAT 2022"},"content":{"rendered":"<p style=\"text-align: justify;\">Aquest divendres 22 d\u2019abril s\u2019ha celebrat als Caputxins de Figueres l\u2019entrega dels Premis Juvenils de Treballs de Recerca de Batxillerat 2022 que organitza de forma conjunta l\u2019Institut d\u2019Estudis Empordanesos (IEE) i la Instituci\u00f3 Alt Empordanesa per a la Defensa i l\u2019Estudi de la Natura (IAEDEN). Enguany s\u2019ha afegit l\u2019Associaci\u00f3 Catalana per a la Divulgaci\u00f3 Cient\u00edfica (ACDIC).<\/p>\n<p style=\"text-align: justify;\">L\u2019alumna Mireia Gonz\u00e1lez de 2n de Batxillerat A ha guanyat el primer Acc\u00e8ssit del XXXII Premi Josep M. \u00c1lvarez a treballs de recerca de medi ambient i natura. Aquest premi valora l\u2019aportaci\u00f3 dels alumnes per millorar l\u2019estat ambiental de l\u2019Alt Empord\u00e0 o de qualsevol altre indret del planeta. La Mireia ha presentat un excel\u2022lent estudi de l\u2019efic\u00e0cia de 7 passos de fauna propers al Parc Natural dels Aiguamolls de l\u2019Empord\u00e0 titulat \u201c Deixant Petjada \u201c.<\/p>\n<p style=\"text-align: justify;\">El jurat format per especialistes de l\u2019\u00e0mbit cient\u00edfic, docents i representants de l\u2019Ajuntament de Figueres ha destacat la rigorositat en la recollida i el tractament de dades, l\u2019estructura i la redacci\u00f3 de la informaci\u00f3 i l\u2019aportaci\u00f3 del seu treball a la conservaci\u00f3 del patrimoni natural de les esp\u00e8cies i els seus h\u00e0bitats.<\/p>\n<p style=\"text-align: justify;\">L\u2019alumna Anna Batlle, tamb\u00e9 de 2n de batxillerat A, ha resultat finalista del I Premi F\u00e0tima Bosch de l\u2019\u00e0mbit cient\u00edfic amb el seu treball \u201cGaudir del son, un luxe contemporani. Aven\u00e7os en el diagn\u00f2stic i tractament de la SAHS\u201d. L\u2019Anna ha investigat amb detall la possible relaci\u00f3 que hi ha entre l\u2019estat d\u2019ansietat i una de les patologies del son que m\u00e9s afecta a la nostra societat, la s\u00edndrome d\u2019apnea-hipopmnea (SAHS).<\/p>\n<p style=\"text-align: justify;\">Moltes Felicitats, Mireia i Anna, per aquests excel\u2022lents treballs!<\/p>\n<p><a href=\"https:\/\/agora.xtec.cat\/iescapnorfeu\/wp-content\/uploads\/usu2070\/2022\/04\/IMG-3239-1-scaled.jpg\"><img loading=\"lazy\" decoding=\"async\" class=\"alignleft size-large wp-image-2519\" src=\"https:\/\/agora.xtec.cat\/iescapnorfeu\/wp-content\/uploads\/usu2070\/2022\/04\/IMG-3239-1-1024x799.jpg\" alt=\"\" width=\"1024\" height=\"799\" srcset=\"https:\/\/agora.xtec.cat\/iescapnorfeu\/wp-content\/uploads\/usu2070\/2022\/04\/IMG-3239-1-1024x799.jpg 1024w, https:\/\/agora.xtec.cat\/iescapnorfeu\/wp-content\/uploads\/usu2070\/2022\/04\/IMG-3239-1-300x234.jpg 300w, https:\/\/agora.xtec.cat\/iescapnorfeu\/wp-content\/uploads\/usu2070\/2022\/04\/IMG-3239-1-768x599.jpg 768w, https:\/\/agora.xtec.cat\/iescapnorfeu\/wp-content\/uploads\/usu2070\/2022\/04\/IMG-3239-1-1536x1198.jpg 1536w, https:\/\/agora.xtec.cat\/iescapnorfeu\/wp-content\/uploads\/usu2070\/2022\/04\/IMG-3239-1-2048x1597.jpg 2048w\" sizes=\"auto, (max-width: 1024px) 100vw, 1024px\" \/><\/a><\/p>\n","protected":false},"excerpt":{"rendered":"<p>Aquest divendres 22 d\u2019abril s\u2019ha celebrat als Caputxins de Figueres l\u2019entrega dels Premis Juvenils de Treballs de Recerca de Batxillerat 2022 que organitza de forma conjunta l\u2019Institut d\u2019Estudis Empordanesos (IEE) i la Instituci\u00f3 Alt Empordanesa per a la Defensa i l\u2019Estudi de la Natura (IAEDEN).&hellip;  <a href=\"https:\/\/agora.xtec.cat\/iescapnorfeu\/general\/premis-juvenils-de-treballs-de-recerca-de-batxillerat-2022\/\" title=\"Read PREMIS JUVENILS DE TREBALLS DE RECERCA DE BATXILLERAT 2022\">Llegeix m\u00e9s\u00bb<\/a><\/p>\n","protected":false},"author":1,"featured_media":0,"comment_status":"open","ping_status":"closed","sticky":false,"template":"","format":"standard","meta":{"_bbp_topic_count":0,"_bbp_reply_count":0,"_bbp_total_topic_count":0,"_bbp_total_reply_count":0,"_bbp_voice_count":0,"_bbp_anonymous_reply_count":0,"_bbp_topic_count_hidden":0,"_bbp_reply_count_hidden":0,"_bbp_forum_subforum_count":0,"footnotes":""},"categories":[1,29],"tags":[],"class_list":["post-2518","post","type-post","status-publish","format-standard","hentry","category-general","category-portada"],"post_mailing_queue_ids":[],"_links":{"self":[{"href":"https:\/\/agora.xtec.cat\/iescapnorfeu\/wp-json\/wp\/v2\/posts\/2518","targetHints":{"allow":["GET"]}}],"collection":[{"href":"https:\/\/agora.xtec.cat\/iescapnorfeu\/wp-json\/wp\/v2\/posts"}],"about":[{"href":"https:\/\/agora.xtec.cat\/iescapnorfeu\/wp-json\/wp\/v2\/types\/post"}],"author":[{"embeddable":true,"href":"https:\/\/agora.xtec.cat\/iescapnorfeu\/wp-json\/wp\/v2\/users\/1"}],"replies":[{"embeddable":true,"href":"https:\/\/agora.xtec.cat\/iescapnorfeu\/wp-json\/wp\/v2\/comments?post=2518"}],"version-history":[{"count":1,"href":"https:\/\/agora.xtec.cat\/iescapnorfeu\/wp-json\/wp\/v2\/posts\/2518\/revisions"}],"predecessor-version":[{"id":2520,"href":"https:\/\/agora.xtec.cat\/iescapnorfeu\/wp-json\/wp\/v2\/posts\/2518\/revisions\/2520"}],"wp:attachment":[{"href":"https:\/\/agora.xtec.cat\/iescapnorfeu\/wp-json\/wp\/v2\/media?parent=2518"}],"wp:term":[{"taxonomy":"category","embeddable":true,"href":"https:\/\/agora.xtec.cat\/iescapnorfeu\/wp-json\/wp\/v2\/categories?post=2518"},{"taxonomy":"post_tag","embeddable":true,"href":"https:\/\/agora.xtec.cat\/iescapnorfeu\/wp-json\/wp\/v2\/tags?post=2518"}],"curies":[{"name":"wp","href":"https:\/\/api.w.org\/{rel}","templated":true}]}}