{"id":2496,"date":"2022-04-08T10:17:02","date_gmt":"2022-04-08T08:17:02","guid":{"rendered":"https:\/\/agora.xtec.cat\/iescapnorfeu\/?p=2496"},"modified":"2022-05-10T13:17:01","modified_gmt":"2022-05-10T11:17:01","slug":"visita-ajuntament-de-roses-6-i-7-4-22","status":"publish","type":"post","link":"https:\/\/agora.xtec.cat\/iescapnorfeu\/general\/visita-ajuntament-de-roses-6-i-7-4-22\/","title":{"rendered":"VISITA AJUNTAMENT DE ROSES 6 i 7\/4\/22"},"content":{"rendered":"<p style=\"text-align: justify;\">Els dies 6 i 7 d\u2019abril l\u2019alumat del Cicle Mitj\u00e0 de Gesti\u00f3 Administrativa va visitar la casa gran de la vila.<br \/>\nDes de l\u2019any passat aquesta visita ja estava prevista per\u00f2 l\u2019evoluci\u00f3 negativa de la pand\u00e8mia no va deixar que es realitz\u00e9s. Un cop passat el pitjor i tot veient el descens de la incid\u00e8ncia hem aprofitat, ara s\u00ed, l\u2019ocasi\u00f3 per visitar la seu municipal de l\u2019Ajuntament de Roses.<br \/>\nHem de destacar que vam tenir uns amfitrions d\u2019altura, tant l\u2019alcalde, en Joan Plana, com el regidor de d\u2019Economia i Hisenda, en Marc Dan\u00e9s, es van posar a la nostra disposici\u00f3. Primer ens van rebre al sal\u00f3 de plens del consistori, on ambd\u00f3s van respondre a tota una bateria de preguntes per part de l\u2019alumnat; des de q\u00fcestions relatives a l\u2019organitzaci\u00f3 i funcionament de l\u2019ajuntament, algunes tenien a veure amb el nostre \u00e0mbit de formaci\u00f3, i d\u2019altres preguntes amb inquietuds de tipus pol\u00edtic, social&#8230; Per\u00f2 el millor estava per venir, tot seguit, tots dos, ens van fer de cicerons i ens van mostrar els departaments que composen l\u2019ajuntament: recaptaci\u00f3, hisenda, urbanisme, el despatx de l\u2019alcalde&#8230; on fins i tot alg\u00fa dels nostres alumnes no es va poder resistir a la temptaci\u00f3 de seure\u2019s a la seva cadira. La cirereta va ser el fet de pujar a la terrassa de l\u2019ajuntament des d\u2019on vam poder gaudir d\u2019unes extraordin\u00e0ries vistes de tota la badia.<br \/>\nVolem agrair des d\u2019aqu\u00ed el tracte cordial i afectu\u00f3s que vam rebre per part de l\u2019alcalde, el regidor i tamb\u00e9 de la Neus Magester, la Cap de la Unitat d\u2019Alcaldia i Protocol, la qual ens va posar tota les facilitats del m\u00f3n a l\u2019hora de realitzar aquesta visita. A tots ells, de part dels docents i de l\u2019alumnat de 1r i 2n del nostre cicle, els voldr\u00edem expressar la nostra gratitud.<\/p>\n<p><a href=\"https:\/\/agora.xtec.cat\/iescapnorfeu\/wp-content\/uploads\/usu2070\/2022\/04\/Ajuntament.jpg\"><img loading=\"lazy\" decoding=\"async\" class=\"alignleft size-large wp-image-2546\" src=\"https:\/\/agora.xtec.cat\/iescapnorfeu\/wp-content\/uploads\/usu2070\/2022\/04\/Ajuntament-1024x1024.jpg\" alt=\"\" width=\"1024\" height=\"1024\" srcset=\"https:\/\/agora.xtec.cat\/iescapnorfeu\/wp-content\/uploads\/usu2070\/2022\/04\/Ajuntament-1024x1024.jpg 1024w, https:\/\/agora.xtec.cat\/iescapnorfeu\/wp-content\/uploads\/usu2070\/2022\/04\/Ajuntament-300x300.jpg 300w, https:\/\/agora.xtec.cat\/iescapnorfeu\/wp-content\/uploads\/usu2070\/2022\/04\/Ajuntament-150x150.jpg 150w, https:\/\/agora.xtec.cat\/iescapnorfeu\/wp-content\/uploads\/usu2070\/2022\/04\/Ajuntament-768x768.jpg 768w, https:\/\/agora.xtec.cat\/iescapnorfeu\/wp-content\/uploads\/usu2070\/2022\/04\/Ajuntament.jpg 1200w\" sizes=\"auto, (max-width: 1024px) 100vw, 1024px\" \/><\/a><\/p>\n<p>&nbsp;<\/p>\n","protected":false},"excerpt":{"rendered":"<p>Els dies 6 i 7 d\u2019abril l\u2019alumat del Cicle Mitj\u00e0 de Gesti\u00f3 Administrativa va visitar la casa gran de la vila.<br \/>\nDes de l\u2019any passat aquesta visita ja estava prevista per\u00f2 l\u2019evoluci\u00f3 negativa de la pand\u00e8mia no va deixar que es realitz\u00e9s. Un cop passat el&hellip;  <a href=\"https:\/\/agora.xtec.cat\/iescapnorfeu\/general\/visita-ajuntament-de-roses-6-i-7-4-22\/\" title=\"Read VISITA AJUNTAMENT DE ROSES 6 i 7\/4\/22\">Llegeix m\u00e9s\u00bb<\/a><\/p>\n","protected":false},"author":1,"featured_media":0,"comment_status":"open","ping_status":"closed","sticky":false,"template":"","format":"standard","meta":{"_bbp_topic_count":0,"_bbp_reply_count":0,"_bbp_total_topic_count":0,"_bbp_total_reply_count":0,"_bbp_voice_count":0,"_bbp_anonymous_reply_count":0,"_bbp_topic_count_hidden":0,"_bbp_reply_count_hidden":0,"_bbp_forum_subforum_count":0,"footnotes":""},"categories":[1,29],"tags":[],"class_list":["post-2496","post","type-post","status-publish","format-standard","hentry","category-general","category-portada"],"post_mailing_queue_ids":[],"_links":{"self":[{"href":"https:\/\/agora.xtec.cat\/iescapnorfeu\/wp-json\/wp\/v2\/posts\/2496","targetHints":{"allow":["GET"]}}],"collection":[{"href":"https:\/\/agora.xtec.cat\/iescapnorfeu\/wp-json\/wp\/v2\/posts"}],"about":[{"href":"https:\/\/agora.xtec.cat\/iescapnorfeu\/wp-json\/wp\/v2\/types\/post"}],"author":[{"embeddable":true,"href":"https:\/\/agora.xtec.cat\/iescapnorfeu\/wp-json\/wp\/v2\/users\/1"}],"replies":[{"embeddable":true,"href":"https:\/\/agora.xtec.cat\/iescapnorfeu\/wp-json\/wp\/v2\/comments?post=2496"}],"version-history":[{"count":2,"href":"https:\/\/agora.xtec.cat\/iescapnorfeu\/wp-json\/wp\/v2\/posts\/2496\/revisions"}],"predecessor-version":[{"id":2547,"href":"https:\/\/agora.xtec.cat\/iescapnorfeu\/wp-json\/wp\/v2\/posts\/2496\/revisions\/2547"}],"wp:attachment":[{"href":"https:\/\/agora.xtec.cat\/iescapnorfeu\/wp-json\/wp\/v2\/media?parent=2496"}],"wp:term":[{"taxonomy":"category","embeddable":true,"href":"https:\/\/agora.xtec.cat\/iescapnorfeu\/wp-json\/wp\/v2\/categories?post=2496"},{"taxonomy":"post_tag","embeddable":true,"href":"https:\/\/agora.xtec.cat\/iescapnorfeu\/wp-json\/wp\/v2\/tags?post=2496"}],"curies":[{"name":"wp","href":"https:\/\/api.w.org\/{rel}","templated":true}]}}