{"id":2489,"date":"2022-04-04T22:27:47","date_gmt":"2022-04-04T20:27:47","guid":{"rendered":"https:\/\/agora.xtec.cat\/iescapnorfeu\/?p=2489"},"modified":"2022-04-04T22:27:47","modified_gmt":"2022-04-04T20:27:47","slug":"salo-expojove-2022","status":"publish","type":"post","link":"https:\/\/agora.xtec.cat\/iescapnorfeu\/general\/salo-expojove-2022\/","title":{"rendered":"SAL\u00d3 EXPOJOVE 2022"},"content":{"rendered":"<p style=\"text-align: justify;\">El 2019 va ser l\u2019\u00faltim any que el sal\u00f3 de la formaci\u00f3 i l\u2019ocupaci\u00f3 de les comarques gironines, ExpoJove, es va fer de manera presencial. Aquest any, una vegada recuperada la presencialitat, l\u2019INS Cap Norfeu torna a estar present a la Fira de Girona, des d\u2019aquest dimecres fins el proper 2 d\u2019abril i on els nostres docents han tingut la possibilitat de mostrar i oferir al p\u00fablic assistent els nostres estudis en \u201cAdministraci\u00f3 i Gesti\u00f3\u201d.<br \/>\nDins el marc disponible per a la formaci\u00f3, on s\u2019exposen les diferents possibilitats formatives existents, el Departament d\u2019Ensenyament ofereix tota una mostra dinamitzada dels ensenyaments professionals de Grau Mitj\u00e0 i Grau Superior que es realitzen a les comarques gironines. I no nom\u00e9s hi ha espai per a la formaci\u00f3, es compta tamb\u00e9 d\u2019espais per a l\u2019orientaci\u00f3 laboral i pel que fa a l\u2019ocupaci\u00f3, a la vegada que es realitzaran una trentena de xerrades informatives sobre ocupaci\u00f3, formaci\u00f3 i recursos.<br \/>\nVal a dir que el primer dia i malgrat la pluja que va fer acte de pres\u00e8ncia durant tot el mat\u00ed, l\u2019assist\u00e8ncia de p\u00fablic jove, acompanyat de personal docent i tamb\u00e9 per pares i mares, va ser significativa. Nombroses van ser les consultes que els nostres docents van rebre tot demanant informaci\u00f3 sobre la nostra oferta de cicles, confirmant d\u2019aquesta manera que els nostres estudis continuen gaudint d\u2019un gran reclam i inter\u00e8s per part de l\u2019alumnat a comarques gironines.<\/p>\n<p><a href=\"https:\/\/agora.xtec.cat\/iescapnorfeu\/wp-content\/uploads\/usu2070\/2022\/04\/Expojove-300322.jpg\"><img loading=\"lazy\" decoding=\"async\" class=\"alignleft size-large wp-image-2490\" src=\"https:\/\/agora.xtec.cat\/iescapnorfeu\/wp-content\/uploads\/usu2070\/2022\/04\/Expojove-300322-768x1024.jpg\" alt=\"\" width=\"768\" height=\"1024\" srcset=\"https:\/\/agora.xtec.cat\/iescapnorfeu\/wp-content\/uploads\/usu2070\/2022\/04\/Expojove-300322-768x1024.jpg 768w, https:\/\/agora.xtec.cat\/iescapnorfeu\/wp-content\/uploads\/usu2070\/2022\/04\/Expojove-300322-225x300.jpg 225w, https:\/\/agora.xtec.cat\/iescapnorfeu\/wp-content\/uploads\/usu2070\/2022\/04\/Expojove-300322-1152x1536.jpg 1152w, https:\/\/agora.xtec.cat\/iescapnorfeu\/wp-content\/uploads\/usu2070\/2022\/04\/Expojove-300322.jpg 1200w\" sizes=\"auto, (max-width: 768px) 100vw, 768px\" \/><\/a><\/p>\n","protected":false},"excerpt":{"rendered":"<p>El 2019 va ser l\u2019\u00faltim any que el sal\u00f3 de la formaci\u00f3 i l\u2019ocupaci\u00f3 de les comarques gironines, ExpoJove, es va fer de manera presencial. Aquest any, una vegada recuperada la presencialitat, l\u2019INS Cap Norfeu torna a estar present a la Fira de Girona, des&hellip;  <a href=\"https:\/\/agora.xtec.cat\/iescapnorfeu\/general\/salo-expojove-2022\/\" title=\"Read SAL\u00d3 EXPOJOVE 2022\">Llegeix m\u00e9s\u00bb<\/a><\/p>\n","protected":false},"author":1,"featured_media":0,"comment_status":"open","ping_status":"closed","sticky":false,"template":"","format":"standard","meta":{"_bbp_topic_count":0,"_bbp_reply_count":0,"_bbp_total_topic_count":0,"_bbp_total_reply_count":0,"_bbp_voice_count":0,"_bbp_anonymous_reply_count":0,"_bbp_topic_count_hidden":0,"_bbp_reply_count_hidden":0,"_bbp_forum_subforum_count":0,"footnotes":""},"categories":[1,29],"tags":[],"class_list":["post-2489","post","type-post","status-publish","format-standard","hentry","category-general","category-portada"],"post_mailing_queue_ids":[],"_links":{"self":[{"href":"https:\/\/agora.xtec.cat\/iescapnorfeu\/wp-json\/wp\/v2\/posts\/2489","targetHints":{"allow":["GET"]}}],"collection":[{"href":"https:\/\/agora.xtec.cat\/iescapnorfeu\/wp-json\/wp\/v2\/posts"}],"about":[{"href":"https:\/\/agora.xtec.cat\/iescapnorfeu\/wp-json\/wp\/v2\/types\/post"}],"author":[{"embeddable":true,"href":"https:\/\/agora.xtec.cat\/iescapnorfeu\/wp-json\/wp\/v2\/users\/1"}],"replies":[{"embeddable":true,"href":"https:\/\/agora.xtec.cat\/iescapnorfeu\/wp-json\/wp\/v2\/comments?post=2489"}],"version-history":[{"count":2,"href":"https:\/\/agora.xtec.cat\/iescapnorfeu\/wp-json\/wp\/v2\/posts\/2489\/revisions"}],"predecessor-version":[{"id":3031,"href":"https:\/\/agora.xtec.cat\/iescapnorfeu\/wp-json\/wp\/v2\/posts\/2489\/revisions\/3031"}],"wp:attachment":[{"href":"https:\/\/agora.xtec.cat\/iescapnorfeu\/wp-json\/wp\/v2\/media?parent=2489"}],"wp:term":[{"taxonomy":"category","embeddable":true,"href":"https:\/\/agora.xtec.cat\/iescapnorfeu\/wp-json\/wp\/v2\/categories?post=2489"},{"taxonomy":"post_tag","embeddable":true,"href":"https:\/\/agora.xtec.cat\/iescapnorfeu\/wp-json\/wp\/v2\/tags?post=2489"}],"curies":[{"name":"wp","href":"https:\/\/api.w.org\/{rel}","templated":true}]}}