{"id":2473,"date":"2022-04-01T14:35:02","date_gmt":"2022-04-01T12:35:02","guid":{"rendered":"https:\/\/agora.xtec.cat\/iescapnorfeu\/?p=2473"},"modified":"2022-04-01T14:35:24","modified_gmt":"2022-04-01T12:35:24","slug":"x-congres-de-recerca-dalumnes-de-centres-de-secundaria-cracs","status":"publish","type":"post","link":"https:\/\/agora.xtec.cat\/iescapnorfeu\/general\/x-congres-de-recerca-dalumnes-de-centres-de-secundaria-cracs\/","title":{"rendered":"X CONGR\u00c8S DE RECERCA D\u2019ALUMNES DE CENTRES DE SECUND\u00c0RIA. CRACS."},"content":{"rendered":"<p style=\"text-align: justify;\">El dimecres 30 de mar\u00e7 es va celebrar a la Facultat de Dret de la Universitat de Girona (UdG) el des\u00e8 Congr\u00e9s de Recerca d\u2019Alumnes de Centres de Secund\u00e0ria (CRACS). Els Cracs \u00e9s un congr\u00e9s cient\u00edfic a petita escala, un espai de trobada en qu\u00e8 estudiants dels instituts de les comarques gironines i de l\u2019Alt Pened\u00e8s comparteixen els resultats del treball de recerca. La finalitat de la iniciativa \u00e9s posar en com\u00fa l\u2019esfor\u00e7 realitzat per cada participant en la seva investigaci\u00f3 i divulgar-ne les aportacions. Es valora principalment l\u2019originalitat i la metodologia de la recerca, la capacitat de s\u00edntesi, el rigor acad\u00e8mic, l\u2019estructuraci\u00f3 del treball, l\u2019adequaci\u00f3 de les fonts d\u2019informaci\u00f3, i la innovaci\u00f3 i creativitat del v\u00eddeo que realitzen els alumnes per presentar el seu treball.<\/p>\n<p style=\"text-align: justify;\">Aquest any entre els 25 finalistes seleccionats hi ha participat l\u2019alumna de 2n de Batxillerat Berta Gonz\u00e1lez que ha presentat el seu TdR titulat: \u00abEl Gambi clim\u00e0tic. La gamba vermella del cap de Creus davant el repte de la crisi clim\u00e0tica\u00bb, que ha tutoritzat la professora Carme Lorente.<\/p>\n<p style=\"text-align: justify;\">Felicitem a la Berta pel seu excel\u00b7lent treball cient\u00edfic i l\u2019animem a continuar la recerca en els seus estudis futurs.<\/p>\n<p><a href=\"https:\/\/agora.xtec.cat\/iescapnorfeu\/wp-content\/uploads\/usu2070\/2022\/04\/IMG-3076-1-scaled.jpg\"><img loading=\"lazy\" decoding=\"async\" class=\"alignleft size-large wp-image-2474\" src=\"https:\/\/agora.xtec.cat\/iescapnorfeu\/wp-content\/uploads\/usu2070\/2022\/04\/IMG-3076-1-1024x768.jpg\" alt=\"\" width=\"1024\" height=\"768\" srcset=\"https:\/\/agora.xtec.cat\/iescapnorfeu\/wp-content\/uploads\/usu2070\/2022\/04\/IMG-3076-1-1024x768.jpg 1024w, https:\/\/agora.xtec.cat\/iescapnorfeu\/wp-content\/uploads\/usu2070\/2022\/04\/IMG-3076-1-300x225.jpg 300w, https:\/\/agora.xtec.cat\/iescapnorfeu\/wp-content\/uploads\/usu2070\/2022\/04\/IMG-3076-1-768x576.jpg 768w, https:\/\/agora.xtec.cat\/iescapnorfeu\/wp-content\/uploads\/usu2070\/2022\/04\/IMG-3076-1-1536x1152.jpg 1536w, https:\/\/agora.xtec.cat\/iescapnorfeu\/wp-content\/uploads\/usu2070\/2022\/04\/IMG-3076-1-2048x1536.jpg 2048w, https:\/\/agora.xtec.cat\/iescapnorfeu\/wp-content\/uploads\/usu2070\/2022\/04\/IMG-3076-1-200x150.jpg 200w\" sizes=\"auto, (max-width: 1024px) 100vw, 1024px\" \/><\/a><\/p>\n","protected":false},"excerpt":{"rendered":"<p>El dimecres 30 de mar\u00e7 es va celebrar a la Facultat de Dret de la Universitat de Girona (UdG) el des\u00e8 Congr\u00e9s de Recerca d\u2019Alumnes de Centres de Secund\u00e0ria (CRACS). Els Cracs \u00e9s un congr\u00e9s cient\u00edfic a petita escala, un espai de trobada en qu\u00e8&hellip;  <a href=\"https:\/\/agora.xtec.cat\/iescapnorfeu\/general\/x-congres-de-recerca-dalumnes-de-centres-de-secundaria-cracs\/\" title=\"Read X CONGR\u00c8S DE RECERCA D\u2019ALUMNES DE CENTRES DE SECUND\u00c0RIA. CRACS.\">Llegeix m\u00e9s\u00bb<\/a><\/p>\n","protected":false},"author":1,"featured_media":0,"comment_status":"open","ping_status":"closed","sticky":false,"template":"","format":"standard","meta":{"_bbp_topic_count":0,"_bbp_reply_count":0,"_bbp_total_topic_count":0,"_bbp_total_reply_count":0,"_bbp_voice_count":0,"_bbp_anonymous_reply_count":0,"_bbp_topic_count_hidden":0,"_bbp_reply_count_hidden":0,"_bbp_forum_subforum_count":0,"footnotes":""},"categories":[1,29],"tags":[],"class_list":["post-2473","post","type-post","status-publish","format-standard","hentry","category-general","category-portada"],"post_mailing_queue_ids":[],"_links":{"self":[{"href":"https:\/\/agora.xtec.cat\/iescapnorfeu\/wp-json\/wp\/v2\/posts\/2473","targetHints":{"allow":["GET"]}}],"collection":[{"href":"https:\/\/agora.xtec.cat\/iescapnorfeu\/wp-json\/wp\/v2\/posts"}],"about":[{"href":"https:\/\/agora.xtec.cat\/iescapnorfeu\/wp-json\/wp\/v2\/types\/post"}],"author":[{"embeddable":true,"href":"https:\/\/agora.xtec.cat\/iescapnorfeu\/wp-json\/wp\/v2\/users\/1"}],"replies":[{"embeddable":true,"href":"https:\/\/agora.xtec.cat\/iescapnorfeu\/wp-json\/wp\/v2\/comments?post=2473"}],"version-history":[{"count":2,"href":"https:\/\/agora.xtec.cat\/iescapnorfeu\/wp-json\/wp\/v2\/posts\/2473\/revisions"}],"predecessor-version":[{"id":2476,"href":"https:\/\/agora.xtec.cat\/iescapnorfeu\/wp-json\/wp\/v2\/posts\/2473\/revisions\/2476"}],"wp:attachment":[{"href":"https:\/\/agora.xtec.cat\/iescapnorfeu\/wp-json\/wp\/v2\/media?parent=2473"}],"wp:term":[{"taxonomy":"category","embeddable":true,"href":"https:\/\/agora.xtec.cat\/iescapnorfeu\/wp-json\/wp\/v2\/categories?post=2473"},{"taxonomy":"post_tag","embeddable":true,"href":"https:\/\/agora.xtec.cat\/iescapnorfeu\/wp-json\/wp\/v2\/tags?post=2473"}],"curies":[{"name":"wp","href":"https:\/\/api.w.org\/{rel}","templated":true}]}}