{"id":2467,"date":"2022-03-31T19:10:40","date_gmt":"2022-03-31T17:10:40","guid":{"rendered":"https:\/\/agora.xtec.cat\/iescapnorfeu\/?p=2467"},"modified":"2022-03-31T19:10:40","modified_gmt":"2022-03-31T17:10:40","slug":"cooperativisme-una-via-dautoocupacio-sostenible","status":"publish","type":"post","link":"https:\/\/agora.xtec.cat\/iescapnorfeu\/general\/cooperativisme-una-via-dautoocupacio-sostenible\/","title":{"rendered":"COOPERATIVISME, UNA VIA  D\u2019AUTOOCUPACI\u00d3 SOSTENIBLE"},"content":{"rendered":"<p style=\"text-align: justify;\">El passat dia 24 de mar\u00e7, els alumnes de primer de cicle formatiu de grau mitj\u00e0 en Gesti\u00f3 Administrativa, van introduir-se al m\u00f3n del cooperativisme, mitjan\u00e7ant un joc de rol que pertany al curr\u00edculum del m\u00f2dul professional d\u2019Empresa i Administraci\u00f3, emmarcat dins la unitat formativa d\u2019Empresa i Activitat econ\u00f2mica. L\u2019activitat es va planificar i dirigir amb la col\u00b7laboraci\u00f3 de l\u2019Ateneu Cooperatiu de les Terres Gironines amb el Sr. Joel Ferrer com a conductor de l\u2019activitat.<br \/>\nL\u2019objectiu era fer reflexionar els alumnes sobre l\u2019emprenedoria individual vers la col\u00b7lectiva. Els alumnes es van dividir en cinc grups dels qual tres adoptaren la forma jur\u00eddica de cooperativa i dos la forma jur\u00eddica d\u2019empresaris individuals amb personal contractat.<br \/>\nLa feina va consistir en repartir-se les tasques, posar-se un sou, i repartir beneficis, utilitzant unes targetes on hi havia la informaci\u00f3 per dur a terme el joc. En cada part el conductor anava fent comparacions entre les dues formes jur\u00eddiques, les oportunitats d\u2019autoocupaci\u00f3, els riscos, les necessitats socials i altres conceptes amb el prop\u00f2sit de fer participar i reflexionar l\u2019alumnat sobre els avantatges de l\u2019economia col\u00b7laborativa.<br \/>\nAquesta activitat afavoreix que els alumnes prenguin consci\u00e8ncia de la import\u00e0ncia de les cooperatives en la nostra societat.<\/p>\n<p><a href=\"https:\/\/agora.xtec.cat\/iescapnorfeu\/wp-content\/uploads\/usu2070\/2022\/03\/Cooperativisme-1r-GA-240322.jpg\"><img loading=\"lazy\" decoding=\"async\" class=\"alignleft size-large wp-image-2468\" src=\"https:\/\/agora.xtec.cat\/iescapnorfeu\/wp-content\/uploads\/usu2070\/2022\/03\/Cooperativisme-1r-GA-240322-1024x767.jpg\" alt=\"\" width=\"1024\" height=\"767\" srcset=\"https:\/\/agora.xtec.cat\/iescapnorfeu\/wp-content\/uploads\/usu2070\/2022\/03\/Cooperativisme-1r-GA-240322-1024x767.jpg 1024w, https:\/\/agora.xtec.cat\/iescapnorfeu\/wp-content\/uploads\/usu2070\/2022\/03\/Cooperativisme-1r-GA-240322-300x225.jpg 300w, https:\/\/agora.xtec.cat\/iescapnorfeu\/wp-content\/uploads\/usu2070\/2022\/03\/Cooperativisme-1r-GA-240322-768x575.jpg 768w, https:\/\/agora.xtec.cat\/iescapnorfeu\/wp-content\/uploads\/usu2070\/2022\/03\/Cooperativisme-1r-GA-240322-1536x1150.jpg 1536w, https:\/\/agora.xtec.cat\/iescapnorfeu\/wp-content\/uploads\/usu2070\/2022\/03\/Cooperativisme-1r-GA-240322-200x150.jpg 200w, https:\/\/agora.xtec.cat\/iescapnorfeu\/wp-content\/uploads\/usu2070\/2022\/03\/Cooperativisme-1r-GA-240322.jpg 1600w\" sizes=\"auto, (max-width: 1024px) 100vw, 1024px\" \/><\/a><\/p>\n","protected":false},"excerpt":{"rendered":"<p>El passat dia 24 de mar\u00e7, els alumnes de primer de cicle formatiu de grau mitj\u00e0 en Gesti\u00f3 Administrativa, van introduir-se al m\u00f3n del cooperativisme, mitjan\u00e7ant un joc de rol que pertany al curr\u00edculum del m\u00f2dul professional d\u2019Empresa i Administraci\u00f3, emmarcat dins la unitat formativa&hellip;  <a href=\"https:\/\/agora.xtec.cat\/iescapnorfeu\/general\/cooperativisme-una-via-dautoocupacio-sostenible\/\" title=\"Read COOPERATIVISME, UNA VIA  D\u2019AUTOOCUPACI\u00d3 SOSTENIBLE\">Llegeix m\u00e9s\u00bb<\/a><\/p>\n","protected":false},"author":1,"featured_media":0,"comment_status":"open","ping_status":"closed","sticky":false,"template":"","format":"standard","meta":{"_bbp_topic_count":0,"_bbp_reply_count":0,"_bbp_total_topic_count":0,"_bbp_total_reply_count":0,"_bbp_voice_count":0,"_bbp_anonymous_reply_count":0,"_bbp_topic_count_hidden":0,"_bbp_reply_count_hidden":0,"_bbp_forum_subforum_count":0,"footnotes":""},"categories":[1,29],"tags":[],"class_list":["post-2467","post","type-post","status-publish","format-standard","hentry","category-general","category-portada"],"post_mailing_queue_ids":[],"_links":{"self":[{"href":"https:\/\/agora.xtec.cat\/iescapnorfeu\/wp-json\/wp\/v2\/posts\/2467","targetHints":{"allow":["GET"]}}],"collection":[{"href":"https:\/\/agora.xtec.cat\/iescapnorfeu\/wp-json\/wp\/v2\/posts"}],"about":[{"href":"https:\/\/agora.xtec.cat\/iescapnorfeu\/wp-json\/wp\/v2\/types\/post"}],"author":[{"embeddable":true,"href":"https:\/\/agora.xtec.cat\/iescapnorfeu\/wp-json\/wp\/v2\/users\/1"}],"replies":[{"embeddable":true,"href":"https:\/\/agora.xtec.cat\/iescapnorfeu\/wp-json\/wp\/v2\/comments?post=2467"}],"version-history":[{"count":1,"href":"https:\/\/agora.xtec.cat\/iescapnorfeu\/wp-json\/wp\/v2\/posts\/2467\/revisions"}],"predecessor-version":[{"id":2469,"href":"https:\/\/agora.xtec.cat\/iescapnorfeu\/wp-json\/wp\/v2\/posts\/2467\/revisions\/2469"}],"wp:attachment":[{"href":"https:\/\/agora.xtec.cat\/iescapnorfeu\/wp-json\/wp\/v2\/media?parent=2467"}],"wp:term":[{"taxonomy":"category","embeddable":true,"href":"https:\/\/agora.xtec.cat\/iescapnorfeu\/wp-json\/wp\/v2\/categories?post=2467"},{"taxonomy":"post_tag","embeddable":true,"href":"https:\/\/agora.xtec.cat\/iescapnorfeu\/wp-json\/wp\/v2\/tags?post=2467"}],"curies":[{"name":"wp","href":"https:\/\/api.w.org\/{rel}","templated":true}]}}