{"id":2331,"date":"2021-12-21T08:40:02","date_gmt":"2021-12-21T07:40:02","guid":{"rendered":"https:\/\/agora.xtec.cat\/iescapnorfeu\/?p=2331"},"modified":"2021-12-21T13:48:35","modified_gmt":"2021-12-21T12:48:35","slug":"programa-sigues-tu-de-dipsalut","status":"publish","type":"post","link":"https:\/\/agora.xtec.cat\/iescapnorfeu\/general\/programa-sigues-tu-de-dipsalut\/","title":{"rendered":"PROGRAMA &#8220;SIGUES TU&#8221; DE DIPSALUT"},"content":{"rendered":"<div class=\"gmail_quote\">\n<p style=\"text-align: justify;\"><span style=\"color: #000000;\">El nostre centre ja fa uns anys que participa al programa &#8220;Sigues tu&#8221; amb els alumnes de 1r, 2n i 3r d&#8217;ESO. Com podeu veure, els alumnes de 3r d&#8217;ESO ja han comen\u00e7at aquesta setmana. El programa est\u00e0 dissenyat per entrenar les habilitats per a la vida que \u00a0l\u2019Organitzaci\u00f3 Mundial de la Salut (OMS) qualifica com a \u00abb\u00e0siques\u00bb:\u00a0 la comunicaci\u00f3 interpersonal, la capacitat de negociaci\u00f3 i rebuig, l\u2019empatia, la col\u00b7laboraci\u00f3 i el treball en equip, l\u2019advocaci\u00f3 i la defensa d\u2019interessos col\u00b7lectius, la presa de decisions, la resoluci\u00f3 de problemes, el pensament cr\u00edtic, el control intern, l\u2019autoestima i la gesti\u00f3 de les emocions i els sentiments i de les tensions i l\u2019estr\u00e8s. L\u2019OMS assegura que s\u00f3n un factor clau en la capacitat de les persones per gestionar la seva vida, la seva salut i per relacionar-se amb l\u2019entorn i influir-hi.\u00a0<\/span><\/p>\n<div>\n<p style=\"text-align: justify;\"><span style=\"color: #000000;\">Des del centre agra\u00efm molt a Dipsalut la seva col\u00b7laboraci\u00f3 i contribuci\u00f3 en la formaci\u00f3 dels nostres alumnes.<\/span><\/p>\n<\/div>\n<div class=\"yj6qo\" style=\"text-align: justify;\"><a style=\"color: #2795b6; text-align: justify;\" href=\"https:\/\/agora.xtec.cat\/iescapnorfeu\/wp-content\/uploads\/usu2070\/2021\/12\/20211213_091049-scaled.jpg\"><img loading=\"lazy\" decoding=\"async\" class=\"size-large wp-image-2332 aligncenter\" src=\"https:\/\/agora.xtec.cat\/iescapnorfeu\/wp-content\/uploads\/usu2070\/2021\/12\/20211213_091049-1024x461.jpg\" alt=\"\" width=\"1024\" height=\"461\" srcset=\"https:\/\/agora.xtec.cat\/iescapnorfeu\/wp-content\/uploads\/usu2070\/2021\/12\/20211213_091049-1024x461.jpg 1024w, https:\/\/agora.xtec.cat\/iescapnorfeu\/wp-content\/uploads\/usu2070\/2021\/12\/20211213_091049-300x135.jpg 300w, https:\/\/agora.xtec.cat\/iescapnorfeu\/wp-content\/uploads\/usu2070\/2021\/12\/20211213_091049-768x346.jpg 768w, https:\/\/agora.xtec.cat\/iescapnorfeu\/wp-content\/uploads\/usu2070\/2021\/12\/20211213_091049-1536x692.jpg 1536w, https:\/\/agora.xtec.cat\/iescapnorfeu\/wp-content\/uploads\/usu2070\/2021\/12\/20211213_091049-2048x922.jpg 2048w\" sizes=\"auto, (max-width: 1024px) 100vw, 1024px\" \/><\/a><\/div>\n<\/div>\n","protected":false},"excerpt":{"rendered":"<p>El nostre centre ja fa uns anys que participa al programa &#8220;Sigues tu&#8221; amb els alumnes de 1r, 2n i 3r d&#8217;ESO. Com podeu veure, els alumnes de 3r d&#8217;ESO ja han comen\u00e7at aquesta setmana. El programa est\u00e0 dissenyat per entrenar les habilitats per a&hellip;  <a href=\"https:\/\/agora.xtec.cat\/iescapnorfeu\/general\/programa-sigues-tu-de-dipsalut\/\" title=\"Read PROGRAMA &#8220;SIGUES TU&#8221; DE DIPSALUT\">Llegeix m\u00e9s\u00bb<\/a><\/p>\n","protected":false},"author":1,"featured_media":0,"comment_status":"open","ping_status":"closed","sticky":false,"template":"","format":"standard","meta":{"_bbp_topic_count":0,"_bbp_reply_count":0,"_bbp_total_topic_count":0,"_bbp_total_reply_count":0,"_bbp_voice_count":0,"_bbp_anonymous_reply_count":0,"_bbp_topic_count_hidden":0,"_bbp_reply_count_hidden":0,"_bbp_forum_subforum_count":0,"footnotes":""},"categories":[1,29],"tags":[],"class_list":["post-2331","post","type-post","status-publish","format-standard","hentry","category-general","category-portada"],"post_mailing_queue_ids":[],"_links":{"self":[{"href":"https:\/\/agora.xtec.cat\/iescapnorfeu\/wp-json\/wp\/v2\/posts\/2331","targetHints":{"allow":["GET"]}}],"collection":[{"href":"https:\/\/agora.xtec.cat\/iescapnorfeu\/wp-json\/wp\/v2\/posts"}],"about":[{"href":"https:\/\/agora.xtec.cat\/iescapnorfeu\/wp-json\/wp\/v2\/types\/post"}],"author":[{"embeddable":true,"href":"https:\/\/agora.xtec.cat\/iescapnorfeu\/wp-json\/wp\/v2\/users\/1"}],"replies":[{"embeddable":true,"href":"https:\/\/agora.xtec.cat\/iescapnorfeu\/wp-json\/wp\/v2\/comments?post=2331"}],"version-history":[{"count":3,"href":"https:\/\/agora.xtec.cat\/iescapnorfeu\/wp-json\/wp\/v2\/posts\/2331\/revisions"}],"predecessor-version":[{"id":2344,"href":"https:\/\/agora.xtec.cat\/iescapnorfeu\/wp-json\/wp\/v2\/posts\/2331\/revisions\/2344"}],"wp:attachment":[{"href":"https:\/\/agora.xtec.cat\/iescapnorfeu\/wp-json\/wp\/v2\/media?parent=2331"}],"wp:term":[{"taxonomy":"category","embeddable":true,"href":"https:\/\/agora.xtec.cat\/iescapnorfeu\/wp-json\/wp\/v2\/categories?post=2331"},{"taxonomy":"post_tag","embeddable":true,"href":"https:\/\/agora.xtec.cat\/iescapnorfeu\/wp-json\/wp\/v2\/tags?post=2331"}],"curies":[{"name":"wp","href":"https:\/\/api.w.org\/{rel}","templated":true}]}}