{"id":2037,"date":"2021-06-25T10:43:22","date_gmt":"2021-06-25T08:43:22","guid":{"rendered":"https:\/\/agora.xtec.cat\/iescapnorfeu\/?p=2037"},"modified":"2021-06-25T10:45:22","modified_gmt":"2021-06-25T08:45:22","slug":"colonies-2n-deso-a-el-xalio-de-sant-miquel-de-campmajor","status":"publish","type":"post","link":"https:\/\/agora.xtec.cat\/iescapnorfeu\/general\/colonies-2n-deso-a-el-xalio-de-sant-miquel-de-campmajor\/","title":{"rendered":"COL\u00d2NIES 2n d&#8217;ESO A EL XALI\u00d3 DE SANT MIQUEL DE CAMPMAJOR"},"content":{"rendered":"<table>\n<tbody>\n<tr>\n<td><a href=\"https:\/\/agora.xtec.cat\/iescapnorfeu\/wp-content\/uploads\/usu2070\/2021\/06\/IMG-20210622-WA0009.jpg\"><img loading=\"lazy\" decoding=\"async\" class=\"alignleft size-large wp-image-2038\" src=\"https:\/\/agora.xtec.cat\/iescapnorfeu\/wp-content\/uploads\/usu2070\/2021\/06\/IMG-20210622-WA0009-1024x680.jpg\" alt=\"\" width=\"1024\" height=\"680\" srcset=\"https:\/\/agora.xtec.cat\/iescapnorfeu\/wp-content\/uploads\/usu2070\/2021\/06\/IMG-20210622-WA0009-1024x680.jpg 1024w, https:\/\/agora.xtec.cat\/iescapnorfeu\/wp-content\/uploads\/usu2070\/2021\/06\/IMG-20210622-WA0009-300x199.jpg 300w, https:\/\/agora.xtec.cat\/iescapnorfeu\/wp-content\/uploads\/usu2070\/2021\/06\/IMG-20210622-WA0009-768x510.jpg 768w, https:\/\/agora.xtec.cat\/iescapnorfeu\/wp-content\/uploads\/usu2070\/2021\/06\/IMG-20210622-WA0009.jpg 1317w\" sizes=\"auto, (max-width: 1024px) 100vw, 1024px\" \/><\/a><\/td>\n<td><a href=\"https:\/\/agora.xtec.cat\/iescapnorfeu\/wp-content\/uploads\/usu2070\/2021\/06\/IMG-20210622-WA0006.jpg\"><img loading=\"lazy\" decoding=\"async\" class=\"alignleft size-large wp-image-2039\" src=\"https:\/\/agora.xtec.cat\/iescapnorfeu\/wp-content\/uploads\/usu2070\/2021\/06\/IMG-20210622-WA0006-768x1024.jpg\" alt=\"\" width=\"768\" height=\"1024\" srcset=\"https:\/\/agora.xtec.cat\/iescapnorfeu\/wp-content\/uploads\/usu2070\/2021\/06\/IMG-20210622-WA0006-768x1024.jpg 768w, https:\/\/agora.xtec.cat\/iescapnorfeu\/wp-content\/uploads\/usu2070\/2021\/06\/IMG-20210622-WA0006-225x300.jpg 225w, https:\/\/agora.xtec.cat\/iescapnorfeu\/wp-content\/uploads\/usu2070\/2021\/06\/IMG-20210622-WA0006.jpg 1500w\" sizes=\"auto, (max-width: 768px) 100vw, 768px\" \/><\/a><\/td>\n<\/tr>\n<\/tbody>\n<\/table>\n<p style=\"text-align: justify;\">Els dies 16, 17 i 18 de juny, l&#8217;alumnat de 2n d&#8217;ESO vam anar de col\u00f2nies a la casa El Xali\u00f3, acompanyats per la Vero, la Montse i la J\u00falia. Vam fer diverses activitats, com ara tirolina, circuit de ponts, h\u00edpica, tir amb arc i orientaci\u00f3. Tamb\u00e9 vam ballar i riure plegats, i vam tenir l&#8217;oportunitat de con\u00e8ixer-nos millor. Vam gaudir-ne molt!<\/p>\n","protected":false},"excerpt":{"rendered":"<p><a href=\"https:\/\/agora.xtec.cat\/iescapnorfeu\/wp-content\/uploads\/usu2070\/2021\/06\/IMG-20210622-WA0009.jpg\"><\/a><br \/>\n<a href=\"https:\/\/agora.xtec.cat\/iescapnorfeu\/wp-content\/uploads\/usu2070\/2021\/06\/IMG-20210622-WA0006.jpg\"><\/a><\/p>\n<p>Els dies 16, 17 i 18 de juny, l&#8217;alumnat de 2n d&#8217;ESO vam anar de col\u00f2nies a la casa El Xali\u00f3, acompanyats per la Vero, la Montse i la J\u00falia. Vam fer diverses activitats, com ara tirolina, circuit de ponts, h\u00edpica, tir amb&hellip;  <a href=\"https:\/\/agora.xtec.cat\/iescapnorfeu\/general\/colonies-2n-deso-a-el-xalio-de-sant-miquel-de-campmajor\/\" title=\"Read COL\u00d2NIES 2n d&#8217;ESO A EL XALI\u00d3 DE SANT MIQUEL DE CAMPMAJOR\">Llegeix m\u00e9s\u00bb<\/a><\/p>\n","protected":false},"author":1,"featured_media":0,"comment_status":"open","ping_status":"closed","sticky":false,"template":"","format":"standard","meta":{"_bbp_topic_count":0,"_bbp_reply_count":0,"_bbp_total_topic_count":0,"_bbp_total_reply_count":0,"_bbp_voice_count":0,"_bbp_anonymous_reply_count":0,"_bbp_topic_count_hidden":0,"_bbp_reply_count_hidden":0,"_bbp_forum_subforum_count":0,"footnotes":""},"categories":[1,29],"tags":[],"class_list":["post-2037","post","type-post","status-publish","format-standard","hentry","category-general","category-portada"],"post_mailing_queue_ids":[],"_links":{"self":[{"href":"https:\/\/agora.xtec.cat\/iescapnorfeu\/wp-json\/wp\/v2\/posts\/2037","targetHints":{"allow":["GET"]}}],"collection":[{"href":"https:\/\/agora.xtec.cat\/iescapnorfeu\/wp-json\/wp\/v2\/posts"}],"about":[{"href":"https:\/\/agora.xtec.cat\/iescapnorfeu\/wp-json\/wp\/v2\/types\/post"}],"author":[{"embeddable":true,"href":"https:\/\/agora.xtec.cat\/iescapnorfeu\/wp-json\/wp\/v2\/users\/1"}],"replies":[{"embeddable":true,"href":"https:\/\/agora.xtec.cat\/iescapnorfeu\/wp-json\/wp\/v2\/comments?post=2037"}],"version-history":[{"count":2,"href":"https:\/\/agora.xtec.cat\/iescapnorfeu\/wp-json\/wp\/v2\/posts\/2037\/revisions"}],"predecessor-version":[{"id":2041,"href":"https:\/\/agora.xtec.cat\/iescapnorfeu\/wp-json\/wp\/v2\/posts\/2037\/revisions\/2041"}],"wp:attachment":[{"href":"https:\/\/agora.xtec.cat\/iescapnorfeu\/wp-json\/wp\/v2\/media?parent=2037"}],"wp:term":[{"taxonomy":"category","embeddable":true,"href":"https:\/\/agora.xtec.cat\/iescapnorfeu\/wp-json\/wp\/v2\/categories?post=2037"},{"taxonomy":"post_tag","embeddable":true,"href":"https:\/\/agora.xtec.cat\/iescapnorfeu\/wp-json\/wp\/v2\/tags?post=2037"}],"curies":[{"name":"wp","href":"https:\/\/api.w.org\/{rel}","templated":true}]}}