{"id":2013,"date":"2021-06-21T09:28:06","date_gmt":"2021-06-21T07:28:06","guid":{"rendered":"https:\/\/agora.xtec.cat\/iescapnorfeu\/?p=2013"},"modified":"2021-06-21T09:30:24","modified_gmt":"2021-06-21T07:30:24","slug":"acte-de-graduacio-de-2n-de-batxillerat","status":"publish","type":"post","link":"https:\/\/agora.xtec.cat\/iescapnorfeu\/general\/acte-de-graduacio-de-2n-de-batxillerat\/","title":{"rendered":"ACTE DE GRADUACI\u00d3 DE 2N DE BATXILLERAT"},"content":{"rendered":"<p style=\"text-align: justify;\"><a href=\"https:\/\/agora.xtec.cat\/iescapnorfeu\/wp-content\/uploads\/usu2070\/2021\/06\/IMG_2800.jpg\"><img loading=\"lazy\" decoding=\"async\" class=\"alignleft size-large wp-image-2014\" src=\"https:\/\/agora.xtec.cat\/iescapnorfeu\/wp-content\/uploads\/usu2070\/2021\/06\/IMG_2800-1024x683.jpg\" alt=\"\" width=\"1024\" height=\"683\" srcset=\"https:\/\/agora.xtec.cat\/iescapnorfeu\/wp-content\/uploads\/usu2070\/2021\/06\/IMG_2800-1024x683.jpg 1024w, https:\/\/agora.xtec.cat\/iescapnorfeu\/wp-content\/uploads\/usu2070\/2021\/06\/IMG_2800-300x200.jpg 300w, https:\/\/agora.xtec.cat\/iescapnorfeu\/wp-content\/uploads\/usu2070\/2021\/06\/IMG_2800-768x512.jpg 768w\" sizes=\"auto, (max-width: 1024px) 100vw, 1024px\" \/><\/a><\/p>\n<p>&nbsp;<\/p>\n<p style=\"text-align: justify;\">El divendres 11 de juny l\u2019alumnat de 2n de batxillerat, despr\u00e9s d\u2019acabar la selectivitat, va acomiadar el seu pas pel centre amb una emotiva festa al pati dels til\u00b7lers. Despr\u00e9s dels parlaments de l\u2019Agust\u00ed i l\u2019\u00c0ngel i tamb\u00e9 dels alumnes representants dels 2 grups de batxillerat, el cient\u00edfic i tecnol\u00f2gic i el social i human\u00edstic, es va fer entrega dels diplomes de graduaci\u00f3 i de l\u2019orla.<br \/>\nAquest curs, degut a la situaci\u00f3 pand\u00e8mica, l\u2019acte va tenir un aforament limitat i els alumnes van celebrar la seva graduaci\u00f3 acompanyats nom\u00e9s d\u2019un dels seus familiars.<br \/>\nEsperem que tots els alumnes aconsegueixin accedir als estudis que desitgen, graus universitaris o CFGS, i acomplexin tots els seus somnis.<br \/>\nMolta sort a tots!!!<\/p>\n","protected":false},"excerpt":{"rendered":"<p><a href=\"https:\/\/agora.xtec.cat\/iescapnorfeu\/wp-content\/uploads\/usu2070\/2021\/06\/IMG_2800.jpg\"><\/a><br \/>\n&nbsp;<br \/>\nEl divendres 11 de juny l\u2019alumnat de 2n de batxillerat, despr\u00e9s d\u2019acabar la selectivitat, va acomiadar el seu pas pel centre amb una emotiva festa al pati dels til\u00b7lers. Despr\u00e9s dels parlaments de l\u2019Agust\u00ed i l\u2019\u00c0ngel i tamb\u00e9 dels alumnes representants dels 2 grups&hellip;  <a href=\"https:\/\/agora.xtec.cat\/iescapnorfeu\/general\/acte-de-graduacio-de-2n-de-batxillerat\/\" title=\"Read ACTE DE GRADUACI\u00d3 DE 2N DE BATXILLERAT\">Llegeix m\u00e9s\u00bb<\/a><\/p>\n","protected":false},"author":1,"featured_media":0,"comment_status":"open","ping_status":"closed","sticky":false,"template":"","format":"standard","meta":{"_bbp_topic_count":0,"_bbp_reply_count":0,"_bbp_total_topic_count":0,"_bbp_total_reply_count":0,"_bbp_voice_count":0,"_bbp_anonymous_reply_count":0,"_bbp_topic_count_hidden":0,"_bbp_reply_count_hidden":0,"_bbp_forum_subforum_count":0,"footnotes":""},"categories":[1,29],"tags":[],"class_list":["post-2013","post","type-post","status-publish","format-standard","hentry","category-general","category-portada"],"post_mailing_queue_ids":[],"_links":{"self":[{"href":"https:\/\/agora.xtec.cat\/iescapnorfeu\/wp-json\/wp\/v2\/posts\/2013","targetHints":{"allow":["GET"]}}],"collection":[{"href":"https:\/\/agora.xtec.cat\/iescapnorfeu\/wp-json\/wp\/v2\/posts"}],"about":[{"href":"https:\/\/agora.xtec.cat\/iescapnorfeu\/wp-json\/wp\/v2\/types\/post"}],"author":[{"embeddable":true,"href":"https:\/\/agora.xtec.cat\/iescapnorfeu\/wp-json\/wp\/v2\/users\/1"}],"replies":[{"embeddable":true,"href":"https:\/\/agora.xtec.cat\/iescapnorfeu\/wp-json\/wp\/v2\/comments?post=2013"}],"version-history":[{"count":3,"href":"https:\/\/agora.xtec.cat\/iescapnorfeu\/wp-json\/wp\/v2\/posts\/2013\/revisions"}],"predecessor-version":[{"id":2017,"href":"https:\/\/agora.xtec.cat\/iescapnorfeu\/wp-json\/wp\/v2\/posts\/2013\/revisions\/2017"}],"wp:attachment":[{"href":"https:\/\/agora.xtec.cat\/iescapnorfeu\/wp-json\/wp\/v2\/media?parent=2013"}],"wp:term":[{"taxonomy":"category","embeddable":true,"href":"https:\/\/agora.xtec.cat\/iescapnorfeu\/wp-json\/wp\/v2\/categories?post=2013"},{"taxonomy":"post_tag","embeddable":true,"href":"https:\/\/agora.xtec.cat\/iescapnorfeu\/wp-json\/wp\/v2\/tags?post=2013"}],"curies":[{"name":"wp","href":"https:\/\/api.w.org\/{rel}","templated":true}]}}