{"id":1799,"date":"2021-05-02T16:34:43","date_gmt":"2021-05-02T14:34:43","guid":{"rendered":"https:\/\/agora.xtec.cat\/iescapnorfeu\/?p=1799"},"modified":"2021-05-02T16:34:52","modified_gmt":"2021-05-02T14:34:52","slug":"concurs-de-fotografia-geometrica","status":"publish","type":"post","link":"https:\/\/agora.xtec.cat\/iescapnorfeu\/general\/concurs-de-fotografia-geometrica\/","title":{"rendered":"CONCURS DE FOTOGRAFIA GEOM\u00c8TRICA"},"content":{"rendered":"<p>Un dels concursos de Sant Jordi \u00e9s el de &#8220;Fotografia Geom\u00e8trica&#8221;.<br \/>\nAquest any les alumnes guanyadores s\u00f3n:<\/p>\n<p>1r d&#8217;ESO\u00a0 \u00a0 \u00a0 \u00a0 \u00a0 \u00a0 \u00a0 \u00a0 \u00a0 \u00a0 \u00a0 \u00a0J\u00falia Dan\u00e9s i Mar\u00ed\u00a0 \u00a0 \u00a0 \u00a0 \u00a0 \u00a0 \u00a0 \u00a0 \u00a0 \u00a0 \u00a0 &#8220;Viatjant amb les espores&#8221;<br \/>\n3r d&#8217;ESO\u00a0 \u00a0 \u00a0 \u00a0 \u00a0 \u00a0 \u00a0 \u00a0 \u00a0 \u00a0 \u00a0 \u00a0Tais Lisovska\u00a0 \u00a0 \u00a0 \u00a0 \u00a0 \u00a0 \u00a0 \u00a0 \u00a0 \u00a0 \u00a0 \u00a0 \u00a0 \u00a0 \u00a0&#8220;Pir\u00e0mide verda&#8221;<br \/>\n2n de Batxillerat\u00a0 \u00a0 \u00a0 \u00a0 \u00a0 \u00a0 Ana Celia Miranda Vega\u00a0 \u00a0 \u00a0 \u00a0 \u00a0 \u00a0&#8220;180 graus de difer\u00e8ncia&#8221;<\/p>\n<p>Esperem que gaudiu de les seves creacions.<br \/>\nMoltes felicitats a les tres grans fot\u00f2grafes!<\/p>\n<table>\n<tbody>\n<tr>\n<td><a href=\"https:\/\/agora.xtec.cat\/iescapnorfeu\/wp-content\/uploads\/usu2070\/2021\/05\/ESO12_Viatjant-amb-les-espores.jpg\"><img loading=\"lazy\" decoding=\"async\" class=\"alignleft size-large wp-image-1800\" src=\"https:\/\/agora.xtec.cat\/iescapnorfeu\/wp-content\/uploads\/usu2070\/2021\/05\/ESO12_Viatjant-amb-les-espores-768x1024.jpg\" alt=\"\" width=\"768\" height=\"1024\" srcset=\"https:\/\/agora.xtec.cat\/iescapnorfeu\/wp-content\/uploads\/usu2070\/2021\/05\/ESO12_Viatjant-amb-les-espores-768x1024.jpg 768w, https:\/\/agora.xtec.cat\/iescapnorfeu\/wp-content\/uploads\/usu2070\/2021\/05\/ESO12_Viatjant-amb-les-espores-225x300.jpg 225w\" sizes=\"auto, (max-width: 768px) 100vw, 768px\" \/><\/a><\/td>\n<td><a href=\"https:\/\/agora.xtec.cat\/iescapnorfeu\/wp-content\/uploads\/usu2070\/2021\/05\/ESO34_Pir\u00e0mide-verda.jpg\"><img loading=\"lazy\" decoding=\"async\" class=\"alignleft size-large wp-image-1801\" src=\"https:\/\/agora.xtec.cat\/iescapnorfeu\/wp-content\/uploads\/usu2070\/2021\/05\/ESO34_Pir\u00e0mide-verda-768x1024.jpg\" alt=\"\" width=\"768\" height=\"1024\" srcset=\"https:\/\/agora.xtec.cat\/iescapnorfeu\/wp-content\/uploads\/usu2070\/2021\/05\/ESO34_Pir\u00e0mide-verda-768x1024.jpg 768w, https:\/\/agora.xtec.cat\/iescapnorfeu\/wp-content\/uploads\/usu2070\/2021\/05\/ESO34_Pir\u00e0mide-verda-225x300.jpg 225w, https:\/\/agora.xtec.cat\/iescapnorfeu\/wp-content\/uploads\/usu2070\/2021\/05\/ESO34_Pir\u00e0mide-verda.jpg 1536w\" sizes=\"auto, (max-width: 768px) 100vw, 768px\" \/><\/a><\/td>\n<td><img loading=\"lazy\" decoding=\"async\" class=\"alignleft size-full wp-image-1802\" src=\"https:\/\/agora.xtec.cat\/iescapnorfeu\/wp-content\/uploads\/usu2070\/2021\/05\/ESPO_180-Graus-de-difer\u00e8ncia.jpg\" alt=\"\" width=\"739\" height=\"822\" srcset=\"https:\/\/agora.xtec.cat\/iescapnorfeu\/wp-content\/uploads\/usu2070\/2021\/05\/ESPO_180-Graus-de-difer\u00e8ncia.jpg 739w, https:\/\/agora.xtec.cat\/iescapnorfeu\/wp-content\/uploads\/usu2070\/2021\/05\/ESPO_180-Graus-de-difer\u00e8ncia-270x300.jpg 270w\" sizes=\"auto, (max-width: 739px) 100vw, 739px\" \/><\/td>\n<\/tr>\n<\/tbody>\n<\/table>\n","protected":false},"excerpt":{"rendered":"<p>Un dels concursos de Sant Jordi \u00e9s el de &#8220;Fotografia Geom\u00e8trica&#8221;.<br \/>\nAquest any les alumnes guanyadores s\u00f3n:<br \/>\n1r d&#8217;ESO\u00a0 \u00a0 \u00a0 \u00a0 \u00a0 \u00a0 \u00a0 \u00a0 \u00a0 \u00a0 \u00a0 \u00a0J\u00falia Dan\u00e9s i Mar\u00ed\u00a0 \u00a0 \u00a0 \u00a0 \u00a0 \u00a0 \u00a0 \u00a0 \u00a0 \u00a0 \u00a0 &#8220;Viatjant amb les espores&#8221;<br \/>\n3r&hellip;  <a href=\"https:\/\/agora.xtec.cat\/iescapnorfeu\/general\/concurs-de-fotografia-geometrica\/\" title=\"Read CONCURS DE FOTOGRAFIA GEOM\u00c8TRICA\">Llegeix m\u00e9s\u00bb<\/a><\/p>\n","protected":false},"author":1,"featured_media":0,"comment_status":"open","ping_status":"closed","sticky":false,"template":"","format":"standard","meta":{"_bbp_topic_count":0,"_bbp_reply_count":0,"_bbp_total_topic_count":0,"_bbp_total_reply_count":0,"_bbp_voice_count":0,"_bbp_anonymous_reply_count":0,"_bbp_topic_count_hidden":0,"_bbp_reply_count_hidden":0,"_bbp_forum_subforum_count":0,"footnotes":""},"categories":[1,29],"tags":[],"class_list":["post-1799","post","type-post","status-publish","format-standard","hentry","category-general","category-portada"],"post_mailing_queue_ids":[],"_links":{"self":[{"href":"https:\/\/agora.xtec.cat\/iescapnorfeu\/wp-json\/wp\/v2\/posts\/1799","targetHints":{"allow":["GET"]}}],"collection":[{"href":"https:\/\/agora.xtec.cat\/iescapnorfeu\/wp-json\/wp\/v2\/posts"}],"about":[{"href":"https:\/\/agora.xtec.cat\/iescapnorfeu\/wp-json\/wp\/v2\/types\/post"}],"author":[{"embeddable":true,"href":"https:\/\/agora.xtec.cat\/iescapnorfeu\/wp-json\/wp\/v2\/users\/1"}],"replies":[{"embeddable":true,"href":"https:\/\/agora.xtec.cat\/iescapnorfeu\/wp-json\/wp\/v2\/comments?post=1799"}],"version-history":[{"count":1,"href":"https:\/\/agora.xtec.cat\/iescapnorfeu\/wp-json\/wp\/v2\/posts\/1799\/revisions"}],"predecessor-version":[{"id":1803,"href":"https:\/\/agora.xtec.cat\/iescapnorfeu\/wp-json\/wp\/v2\/posts\/1799\/revisions\/1803"}],"wp:attachment":[{"href":"https:\/\/agora.xtec.cat\/iescapnorfeu\/wp-json\/wp\/v2\/media?parent=1799"}],"wp:term":[{"taxonomy":"category","embeddable":true,"href":"https:\/\/agora.xtec.cat\/iescapnorfeu\/wp-json\/wp\/v2\/categories?post=1799"},{"taxonomy":"post_tag","embeddable":true,"href":"https:\/\/agora.xtec.cat\/iescapnorfeu\/wp-json\/wp\/v2\/tags?post=1799"}],"curies":[{"name":"wp","href":"https:\/\/api.w.org\/{rel}","templated":true}]}}