{"id":1756,"date":"2021-04-19T19:34:35","date_gmt":"2021-04-19T17:34:35","guid":{"rendered":"https:\/\/agora.xtec.cat\/iescapnorfeu\/?p=1756"},"modified":"2021-04-19T22:57:43","modified_gmt":"2021-04-19T20:57:43","slug":"expojove-2021-virtual","status":"publish","type":"post","link":"https:\/\/agora.xtec.cat\/iescapnorfeu\/general\/expojove-2021-virtual\/","title":{"rendered":"EXPOJOVE 2021 VIRTUAL"},"content":{"rendered":"<p>&nbsp;<\/p>\n<p style=\"text-align: center;\"><iframe loading=\"lazy\" src=\"\/\/www.youtube.com\/embed\/8fz7pJaQkqU\" width=\"560\" height=\"314\"><\/iframe><\/p>\n<p style=\"text-align: justify;\">L&#8217;\u2019<strong>EXPOJOVE 2021<\/strong> no es podr\u00e0 fer com en les anteriors edicions en format presencial i ens hem hagut d\u2019adaptar a un <strong>FORMAT VIRTUAL<\/strong>. Ser\u00e0 entre els dies 20 i 30 d&#8217;abril de 2021.<br \/>\nUn dels objectius de l\u2019EXPOJOVE \u00e9s completar la informaci\u00f3 i l\u2019orientaci\u00f3 que es fa en els centres, tant en l\u2019ensenyament secundari obligatori com al postobligatori, per tal d\u2019encaminar els i les joves a les diverses possibilitats acad\u00e8miques i professionals.<br \/>\nEn aquesta edici\u00f3, s\u2019hi podr\u00e0 trobar l\u2019oferta d\u2019ensenyaments professionals amb estands particulars que ha preparat cada institut amb la seva oferta formativa. Tamb\u00e9, com en les altres edicions, s\u2019hi podr\u00e0 obtenir informaci\u00f3 dels estudis de batxillerat, programes de formaci\u00f3 i inserci\u00f3, itineraris formatius espec\u00edfics, formaci\u00f3 de persones adultes, cicles d\u2019arts pl\u00e0stiques i disseny, ensenyaments esportius, idiomes, formaci\u00f3 professional de grau b\u00e0sic i l\u2019oferta formativa de les universitats. Alhora hi haur\u00e0 un apartat sobre orientaci\u00f3 laboral i m\u00e9s recursos per al jovent.<br \/>\nEls alumnes a qui va adre\u00e7ada l\u2019EXPOJOVE, entre d\u2019altres, s\u00f3n els que finalitzen l\u2019ESO, els de batxillerat -tant de primer com de segon curs-, els que cursen ensenyaments professionals de grau mitj\u00e0, com tamb\u00e9 els de grau superior i els que estan cursant un dels programes de formaci\u00f3 i inserci\u00f3.<\/p>\n<p><a href=\"https:\/\/firesvirtuals.cat\/expojove\/\" target=\"_blank\" rel=\"noopener noreferrer\">EXPOJOVE 2021<\/a><\/p>\n<p><a href=\"https:\/\/youtu.be\/n6YVpvKw2zQ\" target=\"_blank\" rel=\"noopener noreferrer\">VISITA&#8217;NS A L&#8217;EXPOJOVE VIRTUAL<\/a><\/p>\n<p><a href=\"https:\/\/youtu.be\/NywVQGE21L8\" target=\"_blank\" rel=\"noopener noreferrer\">COM FUNCIONA L&#8217;EXPOJOVE VIRTUAL<\/a><\/p>\n<p>&nbsp;<\/p>\n","protected":false},"excerpt":{"rendered":"<p>&nbsp;<\/p>\n<p>L&#8217;\u2019EXPOJOVE 2021 no es podr\u00e0 fer com en les anteriors edicions en format presencial i ens hem hagut d\u2019adaptar a un FORMAT VIRTUAL. Ser\u00e0 entre els dies 20 i 30 d&#8217;abril de 2021.<br \/>\nUn dels objectius de l\u2019EXPOJOVE \u00e9s completar la informaci\u00f3 i l\u2019orientaci\u00f3 que es&hellip;  <a href=\"https:\/\/agora.xtec.cat\/iescapnorfeu\/general\/expojove-2021-virtual\/\" title=\"Read EXPOJOVE 2021 VIRTUAL\">Llegeix m\u00e9s\u00bb<\/a><\/p>\n","protected":false},"author":1,"featured_media":807,"comment_status":"open","ping_status":"closed","sticky":false,"template":"","format":"standard","meta":{"_bbp_topic_count":0,"_bbp_reply_count":0,"_bbp_total_topic_count":0,"_bbp_total_reply_count":0,"_bbp_voice_count":0,"_bbp_anonymous_reply_count":0,"_bbp_topic_count_hidden":0,"_bbp_reply_count_hidden":0,"_bbp_forum_subforum_count":0,"footnotes":""},"categories":[1,29],"tags":[],"class_list":["post-1756","post","type-post","status-publish","format-standard","has-post-thumbnail","hentry","category-general","category-portada"],"post_mailing_queue_ids":[],"_links":{"self":[{"href":"https:\/\/agora.xtec.cat\/iescapnorfeu\/wp-json\/wp\/v2\/posts\/1756","targetHints":{"allow":["GET"]}}],"collection":[{"href":"https:\/\/agora.xtec.cat\/iescapnorfeu\/wp-json\/wp\/v2\/posts"}],"about":[{"href":"https:\/\/agora.xtec.cat\/iescapnorfeu\/wp-json\/wp\/v2\/types\/post"}],"author":[{"embeddable":true,"href":"https:\/\/agora.xtec.cat\/iescapnorfeu\/wp-json\/wp\/v2\/users\/1"}],"replies":[{"embeddable":true,"href":"https:\/\/agora.xtec.cat\/iescapnorfeu\/wp-json\/wp\/v2\/comments?post=1756"}],"version-history":[{"count":3,"href":"https:\/\/agora.xtec.cat\/iescapnorfeu\/wp-json\/wp\/v2\/posts\/1756\/revisions"}],"predecessor-version":[{"id":1765,"href":"https:\/\/agora.xtec.cat\/iescapnorfeu\/wp-json\/wp\/v2\/posts\/1756\/revisions\/1765"}],"wp:featuredmedia":[{"embeddable":true,"href":"https:\/\/agora.xtec.cat\/iescapnorfeu\/wp-json\/wp\/v2\/media\/807"}],"wp:attachment":[{"href":"https:\/\/agora.xtec.cat\/iescapnorfeu\/wp-json\/wp\/v2\/media?parent=1756"}],"wp:term":[{"taxonomy":"category","embeddable":true,"href":"https:\/\/agora.xtec.cat\/iescapnorfeu\/wp-json\/wp\/v2\/categories?post=1756"},{"taxonomy":"post_tag","embeddable":true,"href":"https:\/\/agora.xtec.cat\/iescapnorfeu\/wp-json\/wp\/v2\/tags?post=1756"}],"curies":[{"name":"wp","href":"https:\/\/api.w.org\/{rel}","templated":true}]}}