{"id":1698,"date":"2021-04-07T09:38:21","date_gmt":"2021-04-07T07:38:21","guid":{"rendered":"https:\/\/agora.xtec.cat\/iescapnorfeu\/?p=1698"},"modified":"2021-04-15T11:35:05","modified_gmt":"2021-04-15T09:35:05","slug":"alumnes-de-4t-deso-participen-al-physicat","status":"publish","type":"post","link":"https:\/\/agora.xtec.cat\/iescapnorfeu\/general\/alumnes-de-4t-deso-participen-al-physicat\/","title":{"rendered":"Alumnes de 4t d&#8217;ESO participen al Physicat"},"content":{"rendered":"<p style=\"text-align: justify;\"><a href=\"https:\/\/agora.xtec.cat\/iescapnorfeu\/wp-content\/uploads\/usu2070\/2021\/04\/pysicat.jpg\"><img loading=\"lazy\" decoding=\"async\" class=\"size-large wp-image-1700 aligncenter\" src=\"https:\/\/agora.xtec.cat\/iescapnorfeu\/wp-content\/uploads\/usu2070\/2021\/04\/pysicat-1024x946.jpg\" alt=\"\" width=\"1024\" height=\"946\" srcset=\"https:\/\/agora.xtec.cat\/iescapnorfeu\/wp-content\/uploads\/usu2070\/2021\/04\/pysicat-1024x946.jpg 1024w, https:\/\/agora.xtec.cat\/iescapnorfeu\/wp-content\/uploads\/usu2070\/2021\/04\/pysicat-300x277.jpg 300w, https:\/\/agora.xtec.cat\/iescapnorfeu\/wp-content\/uploads\/usu2070\/2021\/04\/pysicat-768x710.jpg 768w\" sizes=\"auto, (max-width: 1024px) 100vw, 1024px\" \/><\/a><\/p>\n<p style=\"text-align: justify;\">Enguany els alumnes de l&#8217;espec\u00edfica de F\u00edsica i Qu\u00edmica de 4t ESO han participat en la tercera edici\u00f3 del concurs de problemes de f\u00edsica adre\u00e7at a alumnes de secund\u00e0ria anomenat <em>Physicat<\/em>. El concurs consisteix en la resoluci\u00f3 de problemes en qu\u00e8 els alumnes han treballat en equips de 4 a 6 membres. Cada grup disposava d\u2019un temps m\u00e0xim d\u2019una hora per a resoldre els exercicis. Els alumnes de F\u00edsica i Qu\u00edmica s&#8217;han esfor\u00e7at de valent per a resoldre aquests problemes de f\u00edsica.<\/p>\n","protected":false},"excerpt":{"rendered":"<p><a href=\"https:\/\/agora.xtec.cat\/iescapnorfeu\/wp-content\/uploads\/usu2070\/2021\/04\/pysicat.jpg\"><\/a><br \/>\nEnguany els alumnes de l&#8217;espec\u00edfica de F\u00edsica i Qu\u00edmica de 4t ESO han participat en la tercera edici\u00f3 del concurs de problemes de f\u00edsica adre\u00e7at a alumnes de secund\u00e0ria anomenat Physicat. El concurs consisteix en la resoluci\u00f3 de problemes en qu\u00e8 els alumnes han&hellip;  <a href=\"https:\/\/agora.xtec.cat\/iescapnorfeu\/general\/alumnes-de-4t-deso-participen-al-physicat\/\" title=\"Read Alumnes de 4t d&#8217;ESO participen al Physicat\">Llegeix m\u00e9s\u00bb<\/a><\/p>\n","protected":false},"author":1,"featured_media":0,"comment_status":"open","ping_status":"closed","sticky":false,"template":"","format":"standard","meta":{"_bbp_topic_count":0,"_bbp_reply_count":0,"_bbp_total_topic_count":0,"_bbp_total_reply_count":0,"_bbp_voice_count":0,"_bbp_anonymous_reply_count":0,"_bbp_topic_count_hidden":0,"_bbp_reply_count_hidden":0,"_bbp_forum_subforum_count":0,"footnotes":""},"categories":[1,29],"tags":[],"class_list":["post-1698","post","type-post","status-publish","format-standard","hentry","category-general","category-portada"],"post_mailing_queue_ids":[],"_links":{"self":[{"href":"https:\/\/agora.xtec.cat\/iescapnorfeu\/wp-json\/wp\/v2\/posts\/1698","targetHints":{"allow":["GET"]}}],"collection":[{"href":"https:\/\/agora.xtec.cat\/iescapnorfeu\/wp-json\/wp\/v2\/posts"}],"about":[{"href":"https:\/\/agora.xtec.cat\/iescapnorfeu\/wp-json\/wp\/v2\/types\/post"}],"author":[{"embeddable":true,"href":"https:\/\/agora.xtec.cat\/iescapnorfeu\/wp-json\/wp\/v2\/users\/1"}],"replies":[{"embeddable":true,"href":"https:\/\/agora.xtec.cat\/iescapnorfeu\/wp-json\/wp\/v2\/comments?post=1698"}],"version-history":[{"count":3,"href":"https:\/\/agora.xtec.cat\/iescapnorfeu\/wp-json\/wp\/v2\/posts\/1698\/revisions"}],"predecessor-version":[{"id":1732,"href":"https:\/\/agora.xtec.cat\/iescapnorfeu\/wp-json\/wp\/v2\/posts\/1698\/revisions\/1732"}],"wp:attachment":[{"href":"https:\/\/agora.xtec.cat\/iescapnorfeu\/wp-json\/wp\/v2\/media?parent=1698"}],"wp:term":[{"taxonomy":"category","embeddable":true,"href":"https:\/\/agora.xtec.cat\/iescapnorfeu\/wp-json\/wp\/v2\/categories?post=1698"},{"taxonomy":"post_tag","embeddable":true,"href":"https:\/\/agora.xtec.cat\/iescapnorfeu\/wp-json\/wp\/v2\/tags?post=1698"}],"curies":[{"name":"wp","href":"https:\/\/api.w.org\/{rel}","templated":true}]}}