{"id":1639,"date":"2021-03-05T16:28:07","date_gmt":"2021-03-05T15:28:07","guid":{"rendered":"https:\/\/agora.xtec.cat\/iescapnorfeu\/?p=1639"},"modified":"2021-04-15T11:54:41","modified_gmt":"2021-04-15T09:54:41","slug":"fira-de-la-ciencia","status":"publish","type":"post","link":"https:\/\/agora.xtec.cat\/iescapnorfeu\/general\/fira-de-la-ciencia\/","title":{"rendered":"Fira de la Ci\u00e8ncia"},"content":{"rendered":"<p style=\"text-align: justify;\"><a href=\"https:\/\/agora.xtec.cat\/iescapnorfeu\/wp-content\/uploads\/usu2070\/2021\/03\/ciencia.jpg\"><img loading=\"lazy\" decoding=\"async\" class=\"alignleft wp-image-1640\" src=\"https:\/\/agora.xtec.cat\/iescapnorfeu\/wp-content\/uploads\/usu2070\/2021\/03\/ciencia-225x300.jpg\" alt=\"\" width=\"345\" height=\"459\" srcset=\"https:\/\/agora.xtec.cat\/iescapnorfeu\/wp-content\/uploads\/usu2070\/2021\/03\/ciencia-225x300.jpg 225w, https:\/\/agora.xtec.cat\/iescapnorfeu\/wp-content\/uploads\/usu2070\/2021\/03\/ciencia-768x1024.jpg 768w\" sizes=\"auto, (max-width: 345px) 100vw, 345px\" \/><\/a>El passat 24 de febrer, els nostres alumnes de 1r de Batxillerat de la Modalitat de Ci\u00e8ncies que han participat a la III Jornada de la Ci\u00e8ncia de Roses van assistir al Teatre Municipal per gaudir de la presentaci\u00f3 de la web:<\/p>\n<p style=\"text-align: center;\"><a href=\"http:\/\/jornadaciencia.roses.cat\/\">http:\/\/jornadaciencia.roses.cat\/<\/a><\/p>\n<p style=\"text-align: justify;\">En aquesta web podem trobar els v\u00eddeos divulgatius que els tres instituts de la nostra Vila han realitzat per ser visualitzats pels alumnes de 6\u00e8 de Prim\u00e0ria.<br \/>\nUs animem a tots a visitar la web i gaudir de la ci\u00e8ncia i aprofitem per felicitar als nostres alumnes per la bona feina realitzada.<\/p>\n","protected":false},"excerpt":{"rendered":"<p><a href=\"https:\/\/agora.xtec.cat\/iescapnorfeu\/wp-content\/uploads\/usu2070\/2021\/03\/ciencia.jpg\"><\/a>El passat 24 de febrer, els nostres alumnes de 1r de Batxillerat de la Modalitat de Ci\u00e8ncies que han participat a la III Jornada de la Ci\u00e8ncia de Roses van assistir al Teatre Municipal per gaudir de la presentaci\u00f3 de la web:<br \/>\n<a href=\"http:\/\/jornadaciencia.roses.cat\/\">http:\/\/jornadaciencia.roses.cat\/<\/a><br \/>\nEn aquesta&hellip;  <a href=\"https:\/\/agora.xtec.cat\/iescapnorfeu\/general\/fira-de-la-ciencia\/\" title=\"Read Fira de la Ci\u00e8ncia\">Llegeix m\u00e9s\u00bb<\/a><\/p>\n","protected":false},"author":1,"featured_media":0,"comment_status":"closed","ping_status":"closed","sticky":false,"template":"","format":"standard","meta":{"_bbp_topic_count":0,"_bbp_reply_count":0,"_bbp_total_topic_count":0,"_bbp_total_reply_count":0,"_bbp_voice_count":0,"_bbp_anonymous_reply_count":0,"_bbp_topic_count_hidden":0,"_bbp_reply_count_hidden":0,"_bbp_forum_subforum_count":0,"footnotes":""},"categories":[1,29],"tags":[],"class_list":["post-1639","post","type-post","status-publish","format-standard","hentry","category-general","category-portada"],"post_mailing_queue_ids":[],"_links":{"self":[{"href":"https:\/\/agora.xtec.cat\/iescapnorfeu\/wp-json\/wp\/v2\/posts\/1639","targetHints":{"allow":["GET"]}}],"collection":[{"href":"https:\/\/agora.xtec.cat\/iescapnorfeu\/wp-json\/wp\/v2\/posts"}],"about":[{"href":"https:\/\/agora.xtec.cat\/iescapnorfeu\/wp-json\/wp\/v2\/types\/post"}],"author":[{"embeddable":true,"href":"https:\/\/agora.xtec.cat\/iescapnorfeu\/wp-json\/wp\/v2\/users\/1"}],"replies":[{"embeddable":true,"href":"https:\/\/agora.xtec.cat\/iescapnorfeu\/wp-json\/wp\/v2\/comments?post=1639"}],"version-history":[{"count":3,"href":"https:\/\/agora.xtec.cat\/iescapnorfeu\/wp-json\/wp\/v2\/posts\/1639\/revisions"}],"predecessor-version":[{"id":1744,"href":"https:\/\/agora.xtec.cat\/iescapnorfeu\/wp-json\/wp\/v2\/posts\/1639\/revisions\/1744"}],"wp:attachment":[{"href":"https:\/\/agora.xtec.cat\/iescapnorfeu\/wp-json\/wp\/v2\/media?parent=1639"}],"wp:term":[{"taxonomy":"category","embeddable":true,"href":"https:\/\/agora.xtec.cat\/iescapnorfeu\/wp-json\/wp\/v2\/categories?post=1639"},{"taxonomy":"post_tag","embeddable":true,"href":"https:\/\/agora.xtec.cat\/iescapnorfeu\/wp-json\/wp\/v2\/tags?post=1639"}],"curies":[{"name":"wp","href":"https:\/\/api.w.org\/{rel}","templated":true}]}}