{"id":1097,"date":"2020-04-23T10:05:05","date_gmt":"2020-04-23T08:05:05","guid":{"rendered":"https:\/\/agora.xtec.cat\/iescapnorfeu\/?p=1097"},"modified":"2021-04-23T11:47:46","modified_gmt":"2021-04-23T09:47:46","slug":"un-sant-jordi-diferent-al-cap-norfeu","status":"publish","type":"post","link":"https:\/\/agora.xtec.cat\/iescapnorfeu\/general\/un-sant-jordi-diferent-al-cap-norfeu\/","title":{"rendered":"UN SANT JORDI DIFERENT AL CAP NORFEU"},"content":{"rendered":"<p style=\"text-align: justify;\"><a href=\"https:\/\/agora.xtec.cat\/iescapnorfeu\/wp-content\/uploads\/usu2070\/2020\/04\/CARTELL-VERONICAMIRANDA.png\"><img loading=\"lazy\" decoding=\"async\" class=\" wp-image-1103 alignleft\" src=\"https:\/\/agora.xtec.cat\/iescapnorfeu\/wp-content\/uploads\/usu2070\/2020\/04\/CARTELL-VERONICAMIRANDA-724x1024.png\" alt=\"\" width=\"400\" height=\"566\" srcset=\"https:\/\/agora.xtec.cat\/iescapnorfeu\/wp-content\/uploads\/usu2070\/2020\/04\/CARTELL-VERONICAMIRANDA-724x1024.png 724w, https:\/\/agora.xtec.cat\/iescapnorfeu\/wp-content\/uploads\/usu2070\/2020\/04\/CARTELL-VERONICAMIRANDA-212x300.png 212w, https:\/\/agora.xtec.cat\/iescapnorfeu\/wp-content\/uploads\/usu2070\/2020\/04\/CARTELL-VERONICAMIRANDA-768x1086.png 768w, https:\/\/agora.xtec.cat\/iescapnorfeu\/wp-content\/uploads\/usu2070\/2020\/04\/CARTELL-VERONICAMIRANDA.png 842w\" sizes=\"auto, (max-width: 400px) 100vw, 400px\" \/><\/a>Aquest any viurem un Sant Jordi ben diferent al que hem viscut aquests darrers anys. A difer\u00e8ncia d\u2019altres cursos, que al nostre Institut celebr\u00e0vem la <strong><em>Marat\u00f3 Po\u00e8tica<\/em><\/strong> (aquest any hagu\u00e9ssim commemorat ja la setzena edici\u00f3!), aquesta vegada no podrem pujar a l\u2019escenari a llegir textos po\u00e8tics, ni podrem escoltar les actuacions musicals dels nostres estudiants, ni tindrem el goig de rebre els alumnes de les escoles de Prim\u00e0ria de Roses, ni a la tarda podrem sortir a passejar per tafanejar entre paradetes i triar aquell llibre tan desitjat o comprar una rosa per a la persona estimada.<\/p>\n<p style=\"text-align: justify;\">El que segur que farem ser\u00e0 quedar-nos a casa, confinats, i recordar altres diades de Sant Jordi amb emoci\u00f3. Regalarem llibres digitals i roses virtuals, i ens emocionarem quan mirem el calendari.<\/p>\n<p style=\"text-align: justify;\">Tot i aquesta situaci\u00f3 extraordin\u00e0ria que ens ha tocat viure, al <em>Cap Norfeu<\/em> no volem que es perdi l\u2019esperit literari i art\u00edstic d\u2019un dia com aquest i, per aix\u00f2, hem volgut continuar celebrant aquesta festa amb la celebraci\u00f3 dels diferents concursos literaris i art\u00edstics. Des de casa, aix\u00f2 s\u00ed. Per\u00f2 ho hem aconseguit. Hem rebut molt\u00edssimes propostes en totes les categories i, des d\u2019aqu\u00ed, us agra\u00efm a tots els qui hi heu participat, h\u00e0giu resultat guanyadors o no.<\/p>\n<p style=\"text-align: justify;\">Gr\u00e0cies, doncs, a tots per la vostra participaci\u00f3 i el vostre inter\u00e8s en uns moments tan dif\u00edcils com aquests. Amb la col\u00b7laboraci\u00f3 dels alumnes participants, dels professors implicats en els diferents jurats i del suport econ\u00f2mic de l&#8217;Ajuntament, aquesta diada ser\u00e0 una mica millor. I recordeu: \u201cUn cop Norfeu, Norfeu sempre!\u201d<\/p>\n<p style=\"text-align: justify;\">La relaci\u00f3 de guanyadors la podeu consultar aqu\u00ed:<a href=\"https:\/\/agora.xtec.cat\/iescapnorfeu\/wp-content\/uploads\/usu2070\/2020\/04\/Sant-Jordi-2020.-Relaci\u00f3-de-premiats.pdf\">Relaci\u00f3 de premiats<\/a>.<\/p>\n","protected":false},"excerpt":{"rendered":"<p><a href=\"https:\/\/agora.xtec.cat\/iescapnorfeu\/wp-content\/uploads\/usu2070\/2020\/04\/CARTELL-VERONICAMIRANDA.png\"><\/a>Aquest any viurem un Sant Jordi ben diferent al que hem viscut aquests darrers anys. A difer\u00e8ncia d\u2019altres cursos, que al nostre Institut celebr\u00e0vem la Marat\u00f3 Po\u00e8tica (aquest any hagu\u00e9ssim commemorat ja la setzena edici\u00f3!), aquesta vegada no podrem pujar a l\u2019escenari a llegir&hellip;  <a href=\"https:\/\/agora.xtec.cat\/iescapnorfeu\/general\/un-sant-jordi-diferent-al-cap-norfeu\/\" title=\"Read UN SANT JORDI DIFERENT AL CAP NORFEU\">Llegeix m\u00e9s\u00bb<\/a><\/p>\n","protected":false},"author":1,"featured_media":807,"comment_status":"open","ping_status":"closed","sticky":false,"template":"","format":"standard","meta":{"_bbp_topic_count":0,"_bbp_reply_count":0,"_bbp_total_topic_count":0,"_bbp_total_reply_count":0,"_bbp_voice_count":0,"_bbp_anonymous_reply_count":0,"_bbp_topic_count_hidden":0,"_bbp_reply_count_hidden":0,"_bbp_forum_subforum_count":0,"footnotes":""},"categories":[1,29],"tags":[],"class_list":["post-1097","post","type-post","status-publish","format-standard","has-post-thumbnail","hentry","category-general","category-portada"],"post_mailing_queue_ids":[],"_links":{"self":[{"href":"https:\/\/agora.xtec.cat\/iescapnorfeu\/wp-json\/wp\/v2\/posts\/1097","targetHints":{"allow":["GET"]}}],"collection":[{"href":"https:\/\/agora.xtec.cat\/iescapnorfeu\/wp-json\/wp\/v2\/posts"}],"about":[{"href":"https:\/\/agora.xtec.cat\/iescapnorfeu\/wp-json\/wp\/v2\/types\/post"}],"author":[{"embeddable":true,"href":"https:\/\/agora.xtec.cat\/iescapnorfeu\/wp-json\/wp\/v2\/users\/1"}],"replies":[{"embeddable":true,"href":"https:\/\/agora.xtec.cat\/iescapnorfeu\/wp-json\/wp\/v2\/comments?post=1097"}],"version-history":[{"count":3,"href":"https:\/\/agora.xtec.cat\/iescapnorfeu\/wp-json\/wp\/v2\/posts\/1097\/revisions"}],"predecessor-version":[{"id":1767,"href":"https:\/\/agora.xtec.cat\/iescapnorfeu\/wp-json\/wp\/v2\/posts\/1097\/revisions\/1767"}],"wp:featuredmedia":[{"embeddable":true,"href":"https:\/\/agora.xtec.cat\/iescapnorfeu\/wp-json\/wp\/v2\/media\/807"}],"wp:attachment":[{"href":"https:\/\/agora.xtec.cat\/iescapnorfeu\/wp-json\/wp\/v2\/media?parent=1097"}],"wp:term":[{"taxonomy":"category","embeddable":true,"href":"https:\/\/agora.xtec.cat\/iescapnorfeu\/wp-json\/wp\/v2\/categories?post=1097"},{"taxonomy":"post_tag","embeddable":true,"href":"https:\/\/agora.xtec.cat\/iescapnorfeu\/wp-json\/wp\/v2\/tags?post=1097"}],"curies":[{"name":"wp","href":"https:\/\/api.w.org\/{rel}","templated":true}]}}