{"id":3256,"date":"2026-09-02T20:12:02","date_gmt":"2026-09-02T18:12:02","guid":{"rendered":"https:\/\/agora.xtec.cat\/iescanmargarit\/?p=3256"},"modified":"2026-09-02T20:12:37","modified_gmt":"2026-09-02T18:12:37","slug":"cfgm-accedeix-a-una-placa-vacant","status":"publish","type":"post","link":"https:\/\/agora.xtec.cat\/iescanmargarit\/general\/cfgm-accedeix-a-una-placa-vacant\/","title":{"rendered":"CFGM. Accedeix a una pla\u00e7a vacant."},"content":{"rendered":"\n<p>El dia 7 de setembre, el Departament d\u2019Educaci\u00f3 i Formaci\u00f3 Professional, publicar\u00e0 al web de&nbsp;<a href=\"https:\/\/preinscripcio.gencat.cat\/ca\/inici\/\">preinscripci\u00f3<\/a>&nbsp;les places vacants, per centre educatiu.<\/p>\n\n\n\n<p>Per accedir a aquestes places,\u00a0<strong>caldr\u00e0 que t\u2019apuntis en el seg\u00fcent\u00a0<a href=\"https:\/\/aplicacions.gestioeducativa.gencat.cat\/ords\/pls\/apex\/f?p=20160079072543618:650:::NO:650:P650_CENTRE:42ED70435DF694656E064AA57EF50D15DCC7EA3E907D0198\">enlla\u00e7<\/a>,\u00a0<\/strong>durant el dia 7 de setembre. <\/p>\n\n\n\n<p>Del 8 al 10 de setembre el centre es posar\u00e0 en contacte amb tu per gestionar la teva sol\u00b7licitud. El centre atendr\u00e0 l\u2019alumnat seguint l\u2019ordre assignat pel gestor de cues. <\/p>\n\n\n\n<p>Quan arribi el teu torn, podr\u00e0s optar a qualsevol de les vacants disponibles en aquell moment i dels cicles formatius per als quals compleixis els requisits d\u2019acc\u00e9s. Per tant, la possibilitat d\u2019obtenir pla\u00e7a dependr\u00e0 tant de la posici\u00f3 a la cua com de les vacants disponibles en cada cicle en el moment de l\u2019atenci\u00f3.<\/p>\n\n\n\n<p><\/p>\n","protected":false},"excerpt":{"rendered":"<p>El dia 7 de setembre, el Departament d\u2019Educaci\u00f3 i Formaci\u00f3 Professional, publicar\u00e0 al web de&nbsp;preinscripci\u00f3&nbsp;les places vacants, per centre educatiu. Per accedir a aquestes places,\u00a0caldr\u00e0 que t\u2019apuntis en el seg\u00fcent\u00a0enlla\u00e7,\u00a0durant el dia 7 de setembre. Del 8 al 10 de setembre el centre es posar\u00e0 en contacte amb tu per gestionar la teva sol\u00b7licitud. El [&hellip;]<\/p>\n","protected":false},"author":4,"featured_media":0,"comment_status":"closed","ping_status":"open","sticky":false,"template":"","format":"standard","meta":{"_bbp_topic_count":0,"_bbp_reply_count":0,"_bbp_total_topic_count":0,"_bbp_total_reply_count":0,"_bbp_voice_count":0,"_bbp_anonymous_reply_count":0,"_bbp_topic_count_hidden":0,"_bbp_reply_count_hidden":0,"_bbp_forum_subforum_count":0,"site-sidebar-layout":"default","site-content-layout":"","ast-site-content-layout":"default","site-content-style":"default","site-sidebar-style":"default","ast-global-header-display":"","ast-banner-title-visibility":"","ast-main-header-display":"","ast-hfb-above-header-display":"","ast-hfb-below-header-display":"","ast-hfb-mobile-header-display":"","site-post-title":"","ast-breadcrumbs-content":"","ast-featured-img":"","footer-sml-layout":"","theme-transparent-header-meta":"","adv-header-id-meta":"","stick-header-meta":"","header-above-stick-meta":"","header-main-stick-meta":"","header-below-stick-meta":"","astra-migrate-meta-layouts":"set","ast-page-background-enabled":"default","ast-page-background-meta":{"desktop":{"background-color":"var(--ast-global-color-4)","background-image":"","background-repeat":"repeat","background-position":"center center","background-size":"auto","background-attachment":"scroll","background-type":"","background-media":"","overlay-type":"","overlay-color":"","overlay-opacity":"","overlay-gradient":""},"tablet":{"background-color":"","background-image":"","background-repeat":"repeat","background-position":"center center","background-size":"auto","background-attachment":"scroll","background-type":"","background-media":"","overlay-type":"","overlay-color":"","overlay-opacity":"","overlay-gradient":""},"mobile":{"background-color":"","background-image":"","background-repeat":"repeat","background-position":"center center","background-size":"auto","background-attachment":"scroll","background-type":"","background-media":"","overlay-type":"","overlay-color":"","overlay-opacity":"","overlay-gradient":""}},"ast-content-background-meta":{"desktop":{"background-color":"var(--ast-global-color-5)","background-image":"","background-repeat":"repeat","background-position":"center center","background-size":"auto","background-attachment":"scroll","background-type":"","background-media":"","overlay-type":"","overlay-color":"","overlay-opacity":"","overlay-gradient":""},"tablet":{"background-color":"var(--ast-global-color-5)","background-image":"","background-repeat":"repeat","background-position":"center center","background-size":"auto","background-attachment":"scroll","background-type":"","background-media":"","overlay-type":"","overlay-color":"","overlay-opacity":"","overlay-gradient":""},"mobile":{"background-color":"var(--ast-global-color-5)","background-image":"","background-repeat":"repeat","background-position":"center center","background-size":"auto","background-attachment":"scroll","background-type":"","background-media":"","overlay-type":"","overlay-color":"","overlay-opacity":"","overlay-gradient":""}},"footnotes":""},"categories":[31,188,189,1,29],"tags":[],"class_list":["post-3256","post","type-post","status-publish","format-standard","hentry","category-ampa","category-eso","category-fp","category-general","category-portada"],"post_mailing_queue_ids":[],"_links":{"self":[{"href":"https:\/\/agora.xtec.cat\/iescanmargarit\/wp-json\/wp\/v2\/posts\/3256","targetHints":{"allow":["GET"]}}],"collection":[{"href":"https:\/\/agora.xtec.cat\/iescanmargarit\/wp-json\/wp\/v2\/posts"}],"about":[{"href":"https:\/\/agora.xtec.cat\/iescanmargarit\/wp-json\/wp\/v2\/types\/post"}],"author":[{"embeddable":true,"href":"https:\/\/agora.xtec.cat\/iescanmargarit\/wp-json\/wp\/v2\/users\/4"}],"replies":[{"embeddable":true,"href":"https:\/\/agora.xtec.cat\/iescanmargarit\/wp-json\/wp\/v2\/comments?post=3256"}],"version-history":[{"count":2,"href":"https:\/\/agora.xtec.cat\/iescanmargarit\/wp-json\/wp\/v2\/posts\/3256\/revisions"}],"predecessor-version":[{"id":3258,"href":"https:\/\/agora.xtec.cat\/iescanmargarit\/wp-json\/wp\/v2\/posts\/3256\/revisions\/3258"}],"wp:attachment":[{"href":"https:\/\/agora.xtec.cat\/iescanmargarit\/wp-json\/wp\/v2\/media?parent=3256"}],"wp:term":[{"taxonomy":"category","embeddable":true,"href":"https:\/\/agora.xtec.cat\/iescanmargarit\/wp-json\/wp\/v2\/categories?post=3256"},{"taxonomy":"post_tag","embeddable":true,"href":"https:\/\/agora.xtec.cat\/iescanmargarit\/wp-json\/wp\/v2\/tags?post=3256"}],"curies":[{"name":"wp","href":"https:\/\/api.w.org\/{rel}","templated":true}]}}