{"id":7166,"date":"2018-10-11T18:11:04","date_gmt":"2018-10-11T16:11:04","guid":{"rendered":"http:\/\/iescanet.cat\/?p=7166"},"modified":"2020-03-04T10:02:20","modified_gmt":"2020-03-04T09:02:20","slug":"servei-intensiu-deducacio-inclusiva-siei","status":"publish","type":"post","link":"https:\/\/agora.xtec.cat\/iescanet\/alumnat\/servei-intensiu-deducacio-inclusiva-siei\/","title":{"rendered":"SERVEI INTENSIU D\u2019EDUCACI\u00d3 INCLUSIVA (SIEI)"},"content":{"rendered":"<p><a href=\"http:\/\/iescanet.cat\/wp-content\/uploads\/2018\/10\/SIEI-2018.jpg\"><img loading=\"lazy\" decoding=\"async\" src=\"http:\/\/iescanet.cat\/wp-content\/uploads\/2018\/10\/SIEI-2018-1024x495.jpg\" alt=\"\" width=\"750\" height=\"363\" class=\"alignleft size-large wp-image-7167\" srcset=\"https:\/\/agora.xtec.cat\/iescanet\/wp-content\/uploads\/usu966\/2018\/10\/SIEI-2018-1024x495.jpg 1024w, https:\/\/agora.xtec.cat\/iescanet\/wp-content\/uploads\/usu966\/2018\/10\/SIEI-2018-300x145.jpg 300w, https:\/\/agora.xtec.cat\/iescanet\/wp-content\/uploads\/usu966\/2018\/10\/SIEI-2018-768x371.jpg 768w, https:\/\/agora.xtec.cat\/iescanet\/wp-content\/uploads\/usu966\/2018\/10\/SIEI-2018.jpg 1920w\" sizes=\"auto, (max-width: 750px) 100vw, 750px\" \/><\/a><\/p>\n<p>Enguany la USEE \u00e9s la <strong>SIEI<\/strong>; canvia el nom perqu\u00e8 es transforma la filosofia de treball. Fins ara \u00e9rem la Unitat de Suport a l\u2019Educaci\u00f3 Especial: un espai de suport. Ara som el <strong>Servei Intensiu d\u2019Educaci\u00f3 Inclusiva<\/strong>: no som una Unitat, som un Servei!<\/p>\n<p>La <strong>SIEI<\/strong> at\u00e9n la diversitat i va m\u00e9s enll\u00e0 de la seva aula sent present a les aules complementant la tasca educativa, ja que aposta per un proc\u00e9s d\u2019Ensenyament Aprenentatge Inclusiu. Tot el professorat, tot l\u2019alumnat i tota la comunitat educativa formem part del centre, respectant el ritme de cadasc\u00fa i donant resposta a les individualitats. Entre tots ho fem possible!<\/p>\n<p>Des de la <strong>SIEI<\/strong> continuarem amb projectes com l\u2019hort i la bassa, i n\u2019engegarem d\u2019altres per tal d\u2019aprendre a aprendre, saber, saber fer, ser i conviure mentre es desenvolupen compet\u00e8ncies des d\u2019un punt de vista pr\u00e0ctic, transversal, cooperatiu i experiencial.<br \/>\nApa, se\u2019ns gira feina! Treballem per a la inclusi\u00f3.<\/p>\n<p><em>Equip SIEI<\/em><\/p>\n","protected":false},"excerpt":{"rendered":"<p><a href=\"http:\/\/iescanet.cat\/wp-content\/uploads\/2018\/10\/SIEI-2018.jpg\"><img loading=\"lazy\" decoding=\"async\" src=\"http:\/\/iescanet.cat\/wp-content\/uploads\/2018\/10\/SIEI-2018-1024x495.jpg\" alt=\"\" width=\"750\" height=\"363\" class=\"alignleft size-large wp-image-7167\" srcset=\"https:\/\/agora.xtec.cat\/iescanet\/wp-content\/uploads\/usu966\/2018\/10\/SIEI-2018-1024x495.jpg 1024w, https:\/\/agora.xtec.cat\/iescanet\/wp-content\/uploads\/usu966\/2018\/10\/SIEI-2018-300x145.jpg 300w, https:\/\/agora.xtec.cat\/iescanet\/wp-content\/uploads\/usu966\/2018\/10\/SIEI-2018-768x371.jpg 768w, https:\/\/agora.xtec.cat\/iescanet\/wp-content\/uploads\/usu966\/2018\/10\/SIEI-2018.jpg 1920w\" sizes=\"auto, (max-width: 750px) 100vw, 750px\" \/><\/a><\/p>\n<p>Enguany la USEE \u00e9s la <strong>SIEI<\/strong>; canvia el nom perqu\u00e8 es transforma la filosofia de treball. Fins ara \u00e9rem la Unitat de Suport a l\u2019Educaci\u00f3 Especial: un espai de suport. Ara som el <strong>Servei Intensiu d\u2019Educaci\u00f3 Inclusiva<\/strong>: no som una Unitat, som un Servei!<\/p>\n<p>La <strong>SIEI<\/strong> at\u00e9n la diversitat i va m\u00e9s enll\u00e0 de la seva aula sent present a les aules complementant la tasca educativa, ja que aposta per un proc\u00e9s d\u2019Ensenyament Aprenentatge Inclusiu. Tot el professorat, tot l\u2019alumnat i tota la comunitat educativa formem part del centre, respectant el ritme de cadasc\u00fa i donant resposta a les individualitats. Entre tots ho fem possible!<br \/>\n&hellip;  <a href=\"https:\/\/agora.xtec.cat\/iescanet\/alumnat\/servei-intensiu-deducacio-inclusiva-siei\/\" title=\"Read SERVEI INTENSIU D\u2019EDUCACI\u00d3 INCLUSIVA (SIEI)\">Llegeix m\u00e9s\u00bb<\/a><\/p>\n","protected":false},"author":1,"featured_media":0,"comment_status":"closed","ping_status":"open","sticky":false,"template":"","format":"standard","meta":{"_bbp_topic_count":0,"_bbp_reply_count":0,"_bbp_total_topic_count":0,"_bbp_total_reply_count":0,"_bbp_voice_count":0,"_bbp_anonymous_reply_count":0,"_bbp_topic_count_hidden":0,"_bbp_reply_count_hidden":0,"_bbp_forum_subforum_count":0,"footnotes":""},"categories":[104,131,227],"tags":[167,168,199],"class_list":["post-7166","post","type-post","status-publish","format-standard","hentry","category-alumnat","category-institut","category-noticies","tag-2018-2019","tag-institut","tag-siei"],"post_mailing_queue_ids":[],"_links":{"self":[{"href":"https:\/\/agora.xtec.cat\/iescanet\/wp-json\/wp\/v2\/posts\/7166","targetHints":{"allow":["GET"]}}],"collection":[{"href":"https:\/\/agora.xtec.cat\/iescanet\/wp-json\/wp\/v2\/posts"}],"about":[{"href":"https:\/\/agora.xtec.cat\/iescanet\/wp-json\/wp\/v2\/types\/post"}],"author":[{"embeddable":true,"href":"https:\/\/agora.xtec.cat\/iescanet\/wp-json\/wp\/v2\/users\/1"}],"replies":[{"embeddable":true,"href":"https:\/\/agora.xtec.cat\/iescanet\/wp-json\/wp\/v2\/comments?post=7166"}],"version-history":[{"count":1,"href":"https:\/\/agora.xtec.cat\/iescanet\/wp-json\/wp\/v2\/posts\/7166\/revisions"}],"predecessor-version":[{"id":9425,"href":"https:\/\/agora.xtec.cat\/iescanet\/wp-json\/wp\/v2\/posts\/7166\/revisions\/9425"}],"wp:attachment":[{"href":"https:\/\/agora.xtec.cat\/iescanet\/wp-json\/wp\/v2\/media?parent=7166"}],"wp:term":[{"taxonomy":"category","embeddable":true,"href":"https:\/\/agora.xtec.cat\/iescanet\/wp-json\/wp\/v2\/categories?post=7166"},{"taxonomy":"post_tag","embeddable":true,"href":"https:\/\/agora.xtec.cat\/iescanet\/wp-json\/wp\/v2\/tags?post=7166"}],"curies":[{"name":"wp","href":"https:\/\/api.w.org\/{rel}","templated":true}]}}