{"id":20477,"date":"2026-09-04T09:27:25","date_gmt":"2026-09-04T07:27:25","guid":{"rendered":"https:\/\/agora.xtec.cat\/iescandelera\/?p=20477"},"modified":"2026-09-04T09:27:25","modified_gmt":"2026-09-04T07:27:25","slug":"gestio-de-vacants-cicles-formatius","status":"publish","type":"post","link":"https:\/\/agora.xtec.cat\/iescandelera\/general\/gestio-de-vacants-cicles-formatius\/","title":{"rendered":"Gesti\u00f3 de vacants Cicles Formatius"},"content":{"rendered":"<p><img loading=\"lazy\" decoding=\"async\" class=\"aligncenter  wp-image-20478\" src=\"https:\/\/agora.xtec.cat\/iescandelera\/wp-content\/uploads\/usu664\/2026\/09\/anuncis-web-31.jpg\" alt=\"\" width=\"163\" height=\"163\" srcset=\"https:\/\/agora.xtec.cat\/iescandelera\/wp-content\/uploads\/usu664\/2026\/09\/anuncis-web-31.jpg 1080w, https:\/\/agora.xtec.cat\/iescandelera\/wp-content\/uploads\/usu664\/2026\/09\/anuncis-web-31-300x300.jpg 300w, https:\/\/agora.xtec.cat\/iescandelera\/wp-content\/uploads\/usu664\/2026\/09\/anuncis-web-31-1024x1024.jpg 1024w, https:\/\/agora.xtec.cat\/iescandelera\/wp-content\/uploads\/usu664\/2026\/09\/anuncis-web-31-150x150.jpg 150w, https:\/\/agora.xtec.cat\/iescandelera\/wp-content\/uploads\/usu664\/2026\/09\/anuncis-web-31-768x768.jpg 768w\" sizes=\"auto, (max-width: 163px) 100vw, 163px\" \/><\/p>\n<p style=\"text-align: justify;\"><span style=\"font-weight: 400;\">Si vols optar a una <\/span><b>pla\u00e7a vacant dels Cicles Formatius<\/b><span style=\"font-weight: 400;\">, ja pots consultar el procediment i el calendari de sol\u00b7licitud. Trobar\u00e0s tota la informaci\u00f3 actualitzada a la p\u00e0gina del <\/span><a href=\"https:\/\/preinscripcio.gencat.cat\/ca\/estudis\/fp-grau-superior\/accedeix-vacant\/\"><span style=\"font-weight: 400;\">Departament d\u2019Educaci\u00f3<\/span><\/a><span style=\"font-weight: 400;\">.<\/span><\/p>\n<p style=\"text-align: justify;\"><span style=\"font-weight: 400;\">L\u2019alumne que estigui interessat en algunes de les places vacants del cicle formatiu del centre haur\u00e0 d\u2019accedir en aquest <\/span><a href=\"https:\/\/aplicacions.gestioeducativa.gencat.cat\/ords\/pls\/apex\/f?p=20160079072543618:650:::NO:650:P650_CENTRE:4E05BB2C031FB6C9035DB9548CBE1D103B0D89B9B30B9630\"><span style=\"font-weight: 400;\">enlla\u00e7<\/span><\/a><span style=\"font-weight: 400;\"> el <\/span><b>dia 7 de setembre de les 9:00h a les 23:59 h<\/b><span style=\"font-weight: 400;\">, on obtindran un n\u00famero de torn per fer la petici\u00f3 d\u2019una pla\u00e7a al centre.<\/span><\/p>\n","protected":false},"excerpt":{"rendered":"<p>Si vols optar a una pla\u00e7a vacant dels Cicles Formatius, ja pots consultar el procediment i el calendari de sol\u00b7licitud. Trobar\u00e0s tota la informaci\u00f3 actualitzada a la p\u00e0gina del Departament d\u2019Educaci\u00f3. L\u2019alumne que estigui interessat en algunes de les places vacants del cicle formatiu del centre haur\u00e0 d\u2019accedir en aquest enlla\u00e7 el dia 7 de [&hellip;]<\/p>\n","protected":false},"author":1,"featured_media":20478,"comment_status":"closed","ping_status":"closed","sticky":false,"template":"","format":"standard","meta":{"_bbp_topic_count":0,"_bbp_reply_count":0,"_bbp_total_topic_count":0,"_bbp_total_reply_count":0,"_bbp_voice_count":0,"_bbp_anonymous_reply_count":0,"_bbp_topic_count_hidden":0,"_bbp_reply_count_hidden":0,"_bbp_forum_subforum_count":0,"site-sidebar-layout":"default","site-content-layout":"","ast-site-content-layout":"default","site-content-style":"default","site-sidebar-style":"default","ast-global-header-display":"","ast-banner-title-visibility":"","ast-main-header-display":"","ast-hfb-above-header-display":"","ast-hfb-below-header-display":"","ast-hfb-mobile-header-display":"","site-post-title":"","ast-breadcrumbs-content":"","ast-featured-img":"","footer-sml-layout":"","theme-transparent-header-meta":"default","adv-header-id-meta":"","stick-header-meta":"","header-above-stick-meta":"","header-main-stick-meta":"","header-below-stick-meta":"","astra-migrate-meta-layouts":"set","ast-page-background-enabled":"default","ast-page-background-meta":{"desktop":{"background-color":"var(--ast-global-color-4)","background-image":"","background-repeat":"repeat","background-position":"center center","background-size":"auto","background-attachment":"scroll","background-type":"","background-media":"","overlay-type":"","overlay-color":"","overlay-opacity":"","overlay-gradient":""},"tablet":{"background-color":"","background-image":"","background-repeat":"repeat","background-position":"center center","background-size":"auto","background-attachment":"scroll","background-type":"","background-media":"","overlay-type":"","overlay-color":"","overlay-opacity":"","overlay-gradient":""},"mobile":{"background-color":"","background-image":"","background-repeat":"repeat","background-position":"center center","background-size":"auto","background-attachment":"scroll","background-type":"","background-media":"","overlay-type":"","overlay-color":"","overlay-opacity":"","overlay-gradient":""}},"ast-content-background-meta":{"desktop":{"background-color":"var(--ast-global-color-5)","background-image":"","background-repeat":"repeat","background-position":"center center","background-size":"auto","background-attachment":"scroll","background-type":"","background-media":"","overlay-type":"","overlay-color":"","overlay-opacity":"","overlay-gradient":""},"tablet":{"background-color":"var(--ast-global-color-5)","background-image":"","background-repeat":"repeat","background-position":"center center","background-size":"auto","background-attachment":"scroll","background-type":"","background-media":"","overlay-type":"","overlay-color":"","overlay-opacity":"","overlay-gradient":""},"mobile":{"background-color":"var(--ast-global-color-5)","background-image":"","background-repeat":"repeat","background-position":"center center","background-size":"auto","background-attachment":"scroll","background-type":"","background-media":"","overlay-type":"","overlay-color":"","overlay-opacity":"","overlay-gradient":""}},"footnotes":""},"categories":[30,1,29],"tags":[],"class_list":["post-20477","post","type-post","status-publish","format-standard","has-post-thumbnail","hentry","category-cicles-formatius","category-general","category-portada"],"post_mailing_queue_ids":[],"_links":{"self":[{"href":"https:\/\/agora.xtec.cat\/iescandelera\/wp-json\/wp\/v2\/posts\/20477","targetHints":{"allow":["GET"]}}],"collection":[{"href":"https:\/\/agora.xtec.cat\/iescandelera\/wp-json\/wp\/v2\/posts"}],"about":[{"href":"https:\/\/agora.xtec.cat\/iescandelera\/wp-json\/wp\/v2\/types\/post"}],"author":[{"embeddable":true,"href":"https:\/\/agora.xtec.cat\/iescandelera\/wp-json\/wp\/v2\/users\/1"}],"replies":[{"embeddable":true,"href":"https:\/\/agora.xtec.cat\/iescandelera\/wp-json\/wp\/v2\/comments?post=20477"}],"version-history":[{"count":1,"href":"https:\/\/agora.xtec.cat\/iescandelera\/wp-json\/wp\/v2\/posts\/20477\/revisions"}],"predecessor-version":[{"id":20479,"href":"https:\/\/agora.xtec.cat\/iescandelera\/wp-json\/wp\/v2\/posts\/20477\/revisions\/20479"}],"wp:featuredmedia":[{"embeddable":true,"href":"https:\/\/agora.xtec.cat\/iescandelera\/wp-json\/wp\/v2\/media\/20478"}],"wp:attachment":[{"href":"https:\/\/agora.xtec.cat\/iescandelera\/wp-json\/wp\/v2\/media?parent=20477"}],"wp:term":[{"taxonomy":"category","embeddable":true,"href":"https:\/\/agora.xtec.cat\/iescandelera\/wp-json\/wp\/v2\/categories?post=20477"},{"taxonomy":"post_tag","embeddable":true,"href":"https:\/\/agora.xtec.cat\/iescandelera\/wp-json\/wp\/v2\/tags?post=20477"}],"curies":[{"name":"wp","href":"https:\/\/api.w.org\/{rel}","templated":true}]}}